{"id":664,"date":"2021-03-03T13:09:39","date_gmt":"2021-03-03T13:09:39","guid":{"rendered":"https:\/\/tiborszallas.hu\/?p=664"},"modified":"2021-03-03T13:09:39","modified_gmt":"2021-03-03T13:09:39","slug":"2-2021-ii-24-a-gyermekvedelem-helyi-szabalyozasarol","status":"publish","type":"post","link":"https:\/\/tiborszallas.hu\/en\/2-2021-ii-24-a-gyermekvedelem-helyi-szabalyozasarol\/","title":{"rendered":"2\/2021 (II.24.) On local regulation of child protection"},"content":{"rendered":"<p align=\"center\"><strong>Tiborsz\u00e1ll\u00e1s K\u00f6zs\u00e9g \u00d6nkorm\u00e1nyzata K\u00e9pvisel\u0151\u00fclet\u00e9nek<\/strong><\/p>\n<p align=\"center\"><strong>acting under its powers <\/strong><\/p>\n<p align=\"center\"><strong>THE MAYOR OF<\/strong><\/p>\n<p align=\"center\"><strong>2\/2021 (II.24) <\/strong><\/p>\n<p align=\"center\"><strong>municipal decree<\/strong><\/p>\n<p align=\"center\"><strong>Local rules on child protection<\/strong><\/p>\n<p><strong>The Mayor!<\/strong><\/p>\n<p>The decision making is ensured by the Mayor of Tiborsz\u00e1ll\u00e1s Village acting under the authority of the Representative Body of the Municipality of Tiborsz\u00e1ll\u00e1s Village acting under the authority of the Act CXXVIII of 2011 on disaster management and the amendment of certain related acts, \u00a7 46.<\/p>\n<p align=\"center\">1. \u00a7<\/p>\n<p align=\"center\"><strong>Scope of the Regulation<\/strong><\/p>\n<p>(1) The scope of the Decree covers the administrative territory of the Municipality of Tiborsz\u00e1ll\u00e1s.<\/p>\n<p align=\"center\"><strong>2. \u00a7.<\/strong><\/p>\n<p align=\"center\"><strong>Forms of supply<\/strong><\/p>\n<p>(1)The municipality shall ensure the protection of children by providing child welfare benefits in cash, in kind and personal care as follows:<\/p>\n<p>a) provides settlement child-raising support in cash and in kind on the basis of \u00a7 11 of Decree No. 2\/2015 (II.11) on settlement support and other social benefits.<\/p>\n<p>b) child welfare benefits providing personal care, as listed in paragraph (1) of Article 3 of the Decree.<\/p>\n<p align=\"center\"><strong>3. \u00a7.<\/strong><\/p>\n<p align=\"center\"><strong>Forms of personal care benefits and procedures for claiming them<\/strong><\/p>\n<p>(1)The municipality shall provide the following child welfare services providing personal care:<\/p>\n<p>a) child welfare services<\/p>\n<p>b) temporary care for children<\/p>\n<p>c) day care for children in a cr\u00e8che<\/p>\n<p>d) day care for children in kindergartens<\/p>\n<p>e) day care for children at school, in the context of day care<\/p>\n<p>f) day care for children at school, in the form of a canteen<\/p>\n<p>g) childcare during the school holidays.<\/p>\n<p>(2) The application for benefits shall be submitted to the head of the institution providing the benefits, who shall decide on the claim.<\/p>\n<p>(3) In the case of the forms of benefit specified in points (d) to (f) of paragraph (1), the claimant shall attach a declaration of personal data and income in accordance with Annex 2 to the Regulation.<\/p>\n<p>(4) If the applicant disputes the decision of the head of the institution, the Council of Tiborsz\u00e1l\u00e1ls K\u00f6zs\u00e9g K\u00f6zs\u00e9g \u00d6nkorm\u00e1nyzat\u00e1nak shall decide on the disputed issue.<\/p>\n<p>(5) The child welfare benefit provided for in points d) to f) shall be terminated if the person liable to pay the fee fails to comply with the obligation to pay the fee despite a request to do so and has been in arrears for at least three months, or if the child has not used the benefit continuously for at least one month without good reason.<\/p>\n<p align=\"center\"><strong>4. \u00a7.<\/strong><\/p>\n<p align=\"center\"><strong>The provision of certain child welfare benefits<\/strong><\/p>\n<ol>\n<li value=\"NaN\">Child welfare services are provided by the municipality through the Satu Mare Sub-regional Social Basic Service Centre on the basis of a partnership agreement.<\/li>\n<li value=\"NaN\">The temporary care of the children is provided by the municipality on the basis of a care contract with the Szabolcs-Szatm\u00e1r-Bereg County Municipality.<\/li>\n<li value=\"NaN\">The municipality provides day-care services through the Satu Mare Sub-regional Day-Care Centre on the basis of a partnership agreement.<\/li>\n<li value=\"NaN\">The municipality provides day care for children in kindergartens through the Tiborsz\u00e1ll Nyitni-K\u00e9k Adventist Kindergarten, day care for children in schools through the day care centre, day care for children in schools through the canteen through the P\u00e9chy L\u00e1szl\u00f3 Adventist Primary School in Tiborsz\u00e1ll.<\/li>\n<li value=\"NaN\">At the request of the parent or legal representative, the municipality provides meals for children with a disadvantaged background, children with a cumulative disadvantaged background receiving regular child protection benefits and children receiving regular child protection benefits through its own kitchen, and the child, parent or legal representative may take the food home to eat.<\/li>\n<\/ol>\n<p align=\"center\"><strong>5. \u00a7.<\/strong><\/p>\n<p align=\"center\"><strong>Reimbursement fees<\/strong><\/p>\n<p><strong>(1) The following forms of personal care are free of charge: <\/strong><\/p>\n<p>a) child welfare services<\/p>\n<p>b) temporary care for children<\/p>\n<p>c) holiday childcare<\/p>\n<p><strong>(2) The following forms of personal care are subject to a fee:<\/strong><\/p>\n<p>a) day care for children in cr\u00e8ches<\/p>\n<p>b) day care for children in kindergartens<\/p>\n<p>c) day care for children at school, in the framework of a day care centre<\/p>\n<p>d) day care for children at school, in the form of a canteen.<\/p>\n<p>(3) Institutional, free and reduced-price institutional childcare shall be governed by the provisions of Act XXXI of 1997 on the Protection of Children and the Administration of Guardianship (hereinafter: Gyvt.).<\/p>\n<p>(4) The fee shall be set in accordance with the Gyvt. (1) of Section 146(1) of the Health Care Act.<\/p>\n<p>(5) The fees for fee-based services are set out in Annex 2 of the Decree, while the fees for day care services in day nurseries are set by the Representative Body of the Nagyecsed City Municipality in a decree.<\/p>\n<p align=\"center\">6. \u00a7<\/p>\n<p>(1)The Regulation shall enter into force on 24 February 2021.<\/p>\n<p>(2) Repealed:<\/p>\n<p>a) Municipal Decree No. 8\/2012(V.30) on the local regulation of child protection,<\/p>\n<p>b) Municipal Decree No. 13\/2012 (XI.29) amending Municipal Decree No. 8\/2012 (V.30) on the local regulation of child protection.<\/p>\n<p>Tiborsz\u00e1ll\u00e1s, 23 February 2021.<\/p>\n<p>Tulbura G\u00e1bor Mayor<\/p>\n<p><a href=\"https:\/\/tiborszallas.hu\/wp-content\/uploads\/2021\/03\/1614336486_skm_224e21022613151.pdf\">attachments<\/a><\/p>","protected":false},"excerpt":{"rendered":"<p>Tiborsz\u00e1ll\u00e1s K\u00f6zs\u00e9g \u00d6nkorm\u00e1nyzata K\u00e9pvisel\u0151test\u00fclet\u00e9nek hat\u00e1sk\u00f6r\u00e9ben elj\u00e1r\u00f3 POLG\u00c1RMESTER\u00c9NEK 2\/2021 (II.24) \u00f6nkorm\u00e1nyzati rendelete A gyermekv\u00e9delem helyi szab\u00e1lyoz\u00e1s\u00e1r\u00f3l A Polg\u00e1rmester! A d\u00f6nt\u00e9shozatalt biztos\u00edt\u00f3 a katasztr\u00f3fav\u00e9delemr\u0151l \u00e9s a hozz\u00e1 kapcsol\u00f3d\u00f3 egyes t\u00f6rv\u00e9nyek m\u00f3dos\u00edt\u00e1s\u00e1r\u00f3l sz\u00f3l\u00f3 2011. \u00e9vi CXXVIII. t\u00f6rv\u00e9ny\u00a0 46. \u00a7. (4) bekezd\u00e9s alapj\u00e1n Tiborsz\u00e1ll\u00e1s K\u00f6zs\u00e9g \u00d6nkorm\u00e1nyzata K\u00e9pvisel\u0151-test\u00fclet\u00e9nek hat\u00e1sk\u00f6r\u00e9ben elj\u00e1r\u00f3 Tiborsz\u00e1ll\u00e1s K\u00f6zs\u00e9g Polg\u00e1rmestere az Alapt\u00f6rv\u00e9ny 32. cikk (1) bekezd\u00e9s a) [&hellip;]<\/p>\n","protected":false},"author":3,"featured_media":0,"comment_status":"closed","ping_status":"closed","sticky":false,"template":"","format":"standard","meta":{"footnotes":""},"categories":[17],"tags":[],"class_list":["post-664","post","type-post","status-publish","format-standard","hentry","category-2021-ev-rendeletei"],"yoast_head":"<!-- This site is optimized with the Yoast SEO plugin v27.4 - https:\/\/yoast.com\/product\/yoast-seo-wordpress\/ -->\n<title>2\/2021. (II.24.) A gyermekv\u00e9delem helyi szab\u00e1lyoz\u00e1s\u00e1r\u00f3l - \u00dcdv\u00f6z\u00f6lj\u00fck Tiborsz\u00e1ll\u00e1s K\u00f6zs\u00e9g honlapj\u00e1n<\/title>\n<meta name=\"robots\" content=\"index, follow, max-snippet:-1, max-image-preview:large, max-video-preview:-1\" \/>\n<link rel=\"canonical\" href=\"https:\/\/tiborszallas.hu\/en\/2-2021-ii-24-a-gyermekvedelem-helyi-szabalyozasarol\/\" \/>\n<meta property=\"og:locale\" content=\"en_US\" \/>\n<meta property=\"og:type\" content=\"article\" \/>\n<meta property=\"og:title\" content=\"2\/2021. (II.24.) A gyermekv\u00e9delem helyi szab\u00e1lyoz\u00e1s\u00e1r\u00f3l - \u00dcdv\u00f6z\u00f6lj\u00fck Tiborsz\u00e1ll\u00e1s K\u00f6zs\u00e9g honlapj\u00e1n\" \/>\n<meta property=\"og:description\" content=\"Tiborsz\u00e1ll\u00e1s K\u00f6zs\u00e9g \u00d6nkorm\u00e1nyzata K\u00e9pvisel\u0151test\u00fclet\u00e9nek hat\u00e1sk\u00f6r\u00e9ben elj\u00e1r\u00f3 POLG\u00c1RMESTER\u00c9NEK 2\/2021 (II.24) \u00f6nkorm\u00e1nyzati rendelete A gyermekv\u00e9delem helyi szab\u00e1lyoz\u00e1s\u00e1r\u00f3l A Polg\u00e1rmester! A d\u00f6nt\u00e9shozatalt biztos\u00edt\u00f3 a katasztr\u00f3fav\u00e9delemr\u0151l \u00e9s a hozz\u00e1 kapcsol\u00f3d\u00f3 egyes t\u00f6rv\u00e9nyek m\u00f3dos\u00edt\u00e1s\u00e1r\u00f3l sz\u00f3l\u00f3 2011. \u00e9vi CXXVIII. t\u00f6rv\u00e9ny\u00a0 46. \u00a7. (4) bekezd\u00e9s alapj\u00e1n Tiborsz\u00e1ll\u00e1s K\u00f6zs\u00e9g \u00d6nkorm\u00e1nyzata K\u00e9pvisel\u0151-test\u00fclet\u00e9nek hat\u00e1sk\u00f6r\u00e9ben elj\u00e1r\u00f3 Tiborsz\u00e1ll\u00e1s K\u00f6zs\u00e9g Polg\u00e1rmestere az Alapt\u00f6rv\u00e9ny 32. cikk (1) bekezd\u00e9s a) [&hellip;]\" \/>\n<meta property=\"og:url\" content=\"https:\/\/tiborszallas.hu\/en\/2-2021-ii-24-a-gyermekvedelem-helyi-szabalyozasarol\/\" \/>\n<meta property=\"og:site_name\" content=\"\u00dcdv\u00f6z\u00f6lj\u00fck Tiborsz\u00e1ll\u00e1s K\u00f6zs\u00e9g honlapj\u00e1n\" \/>\n<meta property=\"article:published_time\" content=\"2021-03-03T13:09:39+00:00\" \/>\n<meta name=\"author\" content=\"Developer\" \/>\n<meta name=\"twitter:card\" content=\"summary_large_image\" \/>\n<meta name=\"twitter:label1\" content=\"Written by\" \/>\n\t<meta name=\"twitter:data1\" content=\"Developer\" \/>\n\t<meta name=\"twitter:label2\" content=\"Est. reading time\" \/>\n\t<meta name=\"twitter:data2\" content=\"6 minutes\" \/>\n<script type=\"application\/ld+json\" class=\"yoast-schema-graph\">{\"@context\":\"https:\\\/\\\/schema.org\",\"@graph\":[{\"@type\":\"Article\",\"@id\":\"https:\\\/\\\/tiborszallas.hu\\\/2-2021-ii-24-a-gyermekvedelem-helyi-szabalyozasarol\\\/#article\",\"isPartOf\":{\"@id\":\"https:\\\/\\\/tiborszallas.hu\\\/2-2021-ii-24-a-gyermekvedelem-helyi-szabalyozasarol\\\/\"},\"author\":{\"name\":\"Developer\",\"@id\":\"https:\\\/\\\/tiborszallas.hu\\\/#\\\/schema\\\/person\\\/b3edf641fadc920d3e7e848a47006fde\"},\"headline\":\"2\\\/2021. (II.24.) A gyermekv\u00e9delem helyi szab\u00e1lyoz\u00e1s\u00e1r\u00f3l\",\"datePublished\":\"2021-03-03T13:09:39+00:00\",\"mainEntityOfPage\":{\"@id\":\"https:\\\/\\\/tiborszallas.hu\\\/2-2021-ii-24-a-gyermekvedelem-helyi-szabalyozasarol\\\/\"},\"wordCount\":1166,\"publisher\":{\"@id\":\"https:\\\/\\\/tiborszallas.hu\\\/#organization\"},\"articleSection\":[\"2021 \u00e9v rendeletei\"],\"inLanguage\":\"en-US\"},{\"@type\":\"WebPage\",\"@id\":\"https:\\\/\\\/tiborszallas.hu\\\/2-2021-ii-24-a-gyermekvedelem-helyi-szabalyozasarol\\\/\",\"url\":\"https:\\\/\\\/tiborszallas.hu\\\/2-2021-ii-24-a-gyermekvedelem-helyi-szabalyozasarol\\\/\",\"name\":\"2\\\/2021. (II.24.) A gyermekv\u00e9delem helyi szab\u00e1lyoz\u00e1s\u00e1r\u00f3l - \u00dcdv\u00f6z\u00f6lj\u00fck Tiborsz\u00e1ll\u00e1s K\u00f6zs\u00e9g honlapj\u00e1n\",\"isPartOf\":{\"@id\":\"https:\\\/\\\/tiborszallas.hu\\\/#website\"},\"datePublished\":\"2021-03-03T13:09:39+00:00\",\"breadcrumb\":{\"@id\":\"https:\\\/\\\/tiborszallas.hu\\\/2-2021-ii-24-a-gyermekvedelem-helyi-szabalyozasarol\\\/#breadcrumb\"},\"inLanguage\":\"en-US\",\"potentialAction\":[{\"@type\":\"ReadAction\",\"target\":[\"https:\\\/\\\/tiborszallas.hu\\\/2-2021-ii-24-a-gyermekvedelem-helyi-szabalyozasarol\\\/\"]}]},{\"@type\":\"BreadcrumbList\",\"@id\":\"https:\\\/\\\/tiborszallas.hu\\\/2-2021-ii-24-a-gyermekvedelem-helyi-szabalyozasarol\\\/#breadcrumb\",\"itemListElement\":[{\"@type\":\"ListItem\",\"position\":1,\"name\":\"Kezd\u0151lap\",\"item\":\"https:\\\/\\\/tiborszallas.hu\\\/\"},{\"@type\":\"ListItem\",\"position\":2,\"name\":\"2\\\/2021. (II.24.) A gyermekv\u00e9delem helyi szab\u00e1lyoz\u00e1s\u00e1r\u00f3l\"}]},{\"@type\":\"WebSite\",\"@id\":\"https:\\\/\\\/tiborszallas.hu\\\/#website\",\"url\":\"https:\\\/\\\/tiborszallas.hu\\\/\",\"name\":\"\u00dcdv\u00f6z\u00f6lj\u00fck Tiborsz\u00e1ll\u00e1s K\u00f6zs\u00e9g honlapj\u00e1n\",\"description\":\"Tiborsz\u00e1ll\u00e1s K\u00f6zs\u00e9g honlapja\",\"publisher\":{\"@id\":\"https:\\\/\\\/tiborszallas.hu\\\/#organization\"},\"potentialAction\":[{\"@type\":\"SearchAction\",\"target\":{\"@type\":\"EntryPoint\",\"urlTemplate\":\"https:\\\/\\\/tiborszallas.hu\\\/?s={search_term_string}\"},\"query-input\":{\"@type\":\"PropertyValueSpecification\",\"valueRequired\":true,\"valueName\":\"search_term_string\"}}],\"inLanguage\":\"en-US\"},{\"@type\":\"Organization\",\"@id\":\"https:\\\/\\\/tiborszallas.hu\\\/#organization\",\"name\":\"Tiborsz\u00e1ll\u00e1s K\u00f6zs\u00e9g\",\"url\":\"https:\\\/\\\/tiborszallas.hu\\\/\",\"logo\":{\"@type\":\"ImageObject\",\"inLanguage\":\"en-US\",\"@id\":\"https:\\\/\\\/tiborszallas.hu\\\/#\\\/schema\\\/logo\\\/image\\\/\",\"url\":\"https:\\\/\\\/tiborszallas.hu\\\/wp-content\\\/uploads\\\/2020\\\/02\\\/cropped-c\u00edmer2.png\",\"contentUrl\":\"https:\\\/\\\/tiborszallas.hu\\\/wp-content\\\/uploads\\\/2020\\\/02\\\/cropped-c\u00edmer2.png\",\"width\":240,\"height\":166,\"caption\":\"Tiborsz\u00e1ll\u00e1s K\u00f6zs\u00e9g\"},\"image\":{\"@id\":\"https:\\\/\\\/tiborszallas.hu\\\/#\\\/schema\\\/logo\\\/image\\\/\"}},{\"@type\":\"Person\",\"@id\":\"https:\\\/\\\/tiborszallas.hu\\\/#\\\/schema\\\/person\\\/b3edf641fadc920d3e7e848a47006fde\",\"name\":\"Developer\",\"image\":{\"@type\":\"ImageObject\",\"inLanguage\":\"en-US\",\"@id\":\"https:\\\/\\\/secure.gravatar.com\\\/avatar\\\/f52c5d589a49202489c55c4a3ae658c78b3a5b2f137da646024507632a2aaa51?s=96&d=mm&r=g\",\"url\":\"https:\\\/\\\/secure.gravatar.com\\\/avatar\\\/f52c5d589a49202489c55c4a3ae658c78b3a5b2f137da646024507632a2aaa51?s=96&d=mm&r=g\",\"contentUrl\":\"https:\\\/\\\/secure.gravatar.com\\\/avatar\\\/f52c5d589a49202489c55c4a3ae658c78b3a5b2f137da646024507632a2aaa51?s=96&d=mm&r=g\",\"caption\":\"Developer\"},\"sameAs\":[\"https:\\\/\\\/tech-it.hu\"],\"url\":\"https:\\\/\\\/tiborszallas.hu\\\/en\\\/author\\\/webdev_csaba\\\/\"}]}<\/script>\n<!-- \/ Yoast SEO plugin. -->","yoast_head_json":{"title":"2\/2021. (II.24.) A gyermekv\u00e9delem helyi szab\u00e1lyoz\u00e1s\u00e1r\u00f3l - \u00dcdv\u00f6z\u00f6lj\u00fck Tiborsz\u00e1ll\u00e1s K\u00f6zs\u00e9g honlapj\u00e1n","robots":{"index":"index","follow":"follow","max-snippet":"max-snippet:-1","max-image-preview":"max-image-preview:large","max-video-preview":"max-video-preview:-1"},"canonical":"https:\/\/tiborszallas.hu\/en\/2-2021-ii-24-a-gyermekvedelem-helyi-szabalyozasarol\/","og_locale":"en_US","og_type":"article","og_title":"2\/2021. (II.24.) A gyermekv\u00e9delem helyi szab\u00e1lyoz\u00e1s\u00e1r\u00f3l - \u00dcdv\u00f6z\u00f6lj\u00fck Tiborsz\u00e1ll\u00e1s K\u00f6zs\u00e9g honlapj\u00e1n","og_description":"Tiborsz\u00e1ll\u00e1s K\u00f6zs\u00e9g \u00d6nkorm\u00e1nyzata K\u00e9pvisel\u0151test\u00fclet\u00e9nek hat\u00e1sk\u00f6r\u00e9ben elj\u00e1r\u00f3 POLG\u00c1RMESTER\u00c9NEK 2\/2021 (II.24) \u00f6nkorm\u00e1nyzati rendelete A gyermekv\u00e9delem helyi szab\u00e1lyoz\u00e1s\u00e1r\u00f3l A Polg\u00e1rmester! A d\u00f6nt\u00e9shozatalt biztos\u00edt\u00f3 a katasztr\u00f3fav\u00e9delemr\u0151l \u00e9s a hozz\u00e1 kapcsol\u00f3d\u00f3 egyes t\u00f6rv\u00e9nyek m\u00f3dos\u00edt\u00e1s\u00e1r\u00f3l sz\u00f3l\u00f3 2011. \u00e9vi CXXVIII. t\u00f6rv\u00e9ny\u00a0 46. \u00a7. (4) bekezd\u00e9s alapj\u00e1n Tiborsz\u00e1ll\u00e1s K\u00f6zs\u00e9g \u00d6nkorm\u00e1nyzata K\u00e9pvisel\u0151-test\u00fclet\u00e9nek hat\u00e1sk\u00f6r\u00e9ben elj\u00e1r\u00f3 Tiborsz\u00e1ll\u00e1s K\u00f6zs\u00e9g Polg\u00e1rmestere az Alapt\u00f6rv\u00e9ny 32. cikk (1) bekezd\u00e9s a) [&hellip;]","og_url":"https:\/\/tiborszallas.hu\/en\/2-2021-ii-24-a-gyermekvedelem-helyi-szabalyozasarol\/","og_site_name":"\u00dcdv\u00f6z\u00f6lj\u00fck Tiborsz\u00e1ll\u00e1s K\u00f6zs\u00e9g honlapj\u00e1n","article_published_time":"2021-03-03T13:09:39+00:00","author":"Developer","twitter_card":"summary_large_image","twitter_misc":{"Written by":"Developer","Est. reading time":"6 minutes"},"schema":{"@context":"https:\/\/schema.org","@graph":[{"@type":"Article","@id":"https:\/\/tiborszallas.hu\/2-2021-ii-24-a-gyermekvedelem-helyi-szabalyozasarol\/#article","isPartOf":{"@id":"https:\/\/tiborszallas.hu\/2-2021-ii-24-a-gyermekvedelem-helyi-szabalyozasarol\/"},"author":{"name":"Developer","@id":"https:\/\/tiborszallas.hu\/#\/schema\/person\/b3edf641fadc920d3e7e848a47006fde"},"headline":"2\/2021. (II.24.) A gyermekv\u00e9delem helyi szab\u00e1lyoz\u00e1s\u00e1r\u00f3l","datePublished":"2021-03-03T13:09:39+00:00","mainEntityOfPage":{"@id":"https:\/\/tiborszallas.hu\/2-2021-ii-24-a-gyermekvedelem-helyi-szabalyozasarol\/"},"wordCount":1166,"publisher":{"@id":"https:\/\/tiborszallas.hu\/#organization"},"articleSection":["2021 \u00e9v rendeletei"],"inLanguage":"en-US"},{"@type":"WebPage","@id":"https:\/\/tiborszallas.hu\/2-2021-ii-24-a-gyermekvedelem-helyi-szabalyozasarol\/","url":"https:\/\/tiborszallas.hu\/2-2021-ii-24-a-gyermekvedelem-helyi-szabalyozasarol\/","name":"2\/2021. (II.24.) A gyermekv\u00e9delem helyi szab\u00e1lyoz\u00e1s\u00e1r\u00f3l - \u00dcdv\u00f6z\u00f6lj\u00fck Tiborsz\u00e1ll\u00e1s K\u00f6zs\u00e9g honlapj\u00e1n","isPartOf":{"@id":"https:\/\/tiborszallas.hu\/#website"},"datePublished":"2021-03-03T13:09:39+00:00","breadcrumb":{"@id":"https:\/\/tiborszallas.hu\/2-2021-ii-24-a-gyermekvedelem-helyi-szabalyozasarol\/#breadcrumb"},"inLanguage":"en-US","potentialAction":[{"@type":"ReadAction","target":["https:\/\/tiborszallas.hu\/2-2021-ii-24-a-gyermekvedelem-helyi-szabalyozasarol\/"]}]},{"@type":"BreadcrumbList","@id":"https:\/\/tiborszallas.hu\/2-2021-ii-24-a-gyermekvedelem-helyi-szabalyozasarol\/#breadcrumb","itemListElement":[{"@type":"ListItem","position":1,"name":"Kezd\u0151lap","item":"https:\/\/tiborszallas.hu\/"},{"@type":"ListItem","position":2,"name":"2\/2021. (II.24.) A gyermekv\u00e9delem helyi szab\u00e1lyoz\u00e1s\u00e1r\u00f3l"}]},{"@type":"WebSite","@id":"https:\/\/tiborszallas.hu\/#website","url":"https:\/\/tiborszallas.hu\/","name":"Welcome to Tiborsz\u00e1ll\u00e1s Municipality website","description":"Tiborsz\u00e1ll\u00e1s Village website","publisher":{"@id":"https:\/\/tiborszallas.hu\/#organization"},"potentialAction":[{"@type":"SearchAction","target":{"@type":"EntryPoint","urlTemplate":"https:\/\/tiborszallas.hu\/?s={search_term_string}"},"query-input":{"@type":"PropertyValueSpecification","valueRequired":true,"valueName":"search_term_string"}}],"inLanguage":"en-US"},{"@type":"Organization","@id":"https:\/\/tiborszallas.hu\/#organization","name":"Tiborsz\u00e1ll\u00e1s Municipality","url":"https:\/\/tiborszallas.hu\/","logo":{"@type":"ImageObject","inLanguage":"en-US","@id":"https:\/\/tiborszallas.hu\/#\/schema\/logo\/image\/","url":"https:\/\/tiborszallas.hu\/wp-content\/uploads\/2020\/02\/cropped-c\u00edmer2.png","contentUrl":"https:\/\/tiborszallas.hu\/wp-content\/uploads\/2020\/02\/cropped-c\u00edmer2.png","width":240,"height":166,"caption":"Tiborsz\u00e1ll\u00e1s K\u00f6zs\u00e9g"},"image":{"@id":"https:\/\/tiborszallas.hu\/#\/schema\/logo\/image\/"}},{"@type":"Person","@id":"https:\/\/tiborszallas.hu\/#\/schema\/person\/b3edf641fadc920d3e7e848a47006fde","name":"Developer","image":{"@type":"ImageObject","inLanguage":"en-US","@id":"https:\/\/secure.gravatar.com\/avatar\/f52c5d589a49202489c55c4a3ae658c78b3a5b2f137da646024507632a2aaa51?s=96&d=mm&r=g","url":"https:\/\/secure.gravatar.com\/avatar\/f52c5d589a49202489c55c4a3ae658c78b3a5b2f137da646024507632a2aaa51?s=96&d=mm&r=g","contentUrl":"https:\/\/secure.gravatar.com\/avatar\/f52c5d589a49202489c55c4a3ae658c78b3a5b2f137da646024507632a2aaa51?s=96&d=mm&r=g","caption":"Developer"},"sameAs":["https:\/\/tech-it.hu"],"url":"https:\/\/tiborszallas.hu\/en\/author\/webdev_csaba\/"}]}},"_links":{"self":[{"href":"https:\/\/tiborszallas.hu\/en\/wp-json\/wp\/v2\/posts\/664","targetHints":{"allow":["GET"]}}],"collection":[{"href":"https:\/\/tiborszallas.hu\/en\/wp-json\/wp\/v2\/posts"}],"about":[{"href":"https:\/\/tiborszallas.hu\/en\/wp-json\/wp\/v2\/types\/post"}],"author":[{"embeddable":true,"href":"https:\/\/tiborszallas.hu\/en\/wp-json\/wp\/v2\/users\/3"}],"replies":[{"embeddable":true,"href":"https:\/\/tiborszallas.hu\/en\/wp-json\/wp\/v2\/comments?post=664"}],"version-history":[{"count":0,"href":"https:\/\/tiborszallas.hu\/en\/wp-json\/wp\/v2\/posts\/664\/revisions"}],"wp:attachment":[{"href":"https:\/\/tiborszallas.hu\/en\/wp-json\/wp\/v2\/media?parent=664"}],"wp:term":[{"taxonomy":"category","embeddable":true,"href":"https:\/\/tiborszallas.hu\/en\/wp-json\/wp\/v2\/categories?post=664"},{"taxonomy":"post_tag","embeddable":true,"href":"https:\/\/tiborszallas.hu\/en\/wp-json\/wp\/v2\/tags?post=664"}],"curies":[{"name":"wp","href":"https:\/\/api.w.org\/{rel}","templated":true}]}}