{"id":440,"date":"2020-02-20T09:48:27","date_gmt":"2020-02-20T09:48:27","guid":{"rendered":"https:\/\/tiborszallas.hu\/?p=440"},"modified":"2020-02-20T09:48:27","modified_gmt":"2020-02-20T09:48:27","slug":"3-2018-i-31-tiborszallas-kozseg-telepuleskepenek-vedelmerol","status":"publish","type":"post","link":"https:\/\/tiborszallas.hu\/en\/3-2018-i-31-tiborszallas-kozseg-telepuleskepenek-vedelmerol\/","title":{"rendered":"3\/2018 (I.31) on the protection of the townscape of Tiborsz\u00e1ll\u00e1s"},"content":{"rendered":"<p style=\"text-align: center;\"><strong>Tiborsz\u00e1ll\u00e1s K\u00f6zs\u00e9g \u00d6nkorm\u00e1nyzata K\u00e9pvisel\u0151-test\u00fclet\u00e9nek<\/strong><\/p>\n<p style=\"text-align: center;\"><strong>3\/2018 (I.31) <\/strong><\/p>\n<p style=\"text-align: center;\"><strong>\u00f6nkorm\u00e1nyzati rendelete<\/strong><\/p>\n<p style=\"text-align: center;\"><strong>Tiborsz\u00e1ll\u00e1s k\u00f6zs\u00e9g telep\u00fcl\u00e9sk\u00e9p\u00e9nek v\u00e9delm\u00e9r\u0151l<\/strong><\/p>\n<p>Tiborsz\u00e1ll\u00e1s K\u00f6zs\u00e9g \u00d6nkorm\u00e1nyzat\u00e1nak K\u00e9pvisel\u0151-test\u00fclete a telep\u00fcl\u00e9sk\u00e9p v\u00e9delm\u00e9r\u0151l sz\u00f3l\u00f3 2016. \u00e9vi LXXIV. t\u00f6rv\u00e9ny (tov\u00e1bbiakban: Tktv.) 12. \u00a7 (2) bekezd\u00e9s\u00e9ben kapott felhatalmaz\u00e1s alapj\u00e1n, az Alapt\u00f6rv\u00e9ny 32. cikk (1) bekezd\u00e9s a) pontj\u00e1ban \u00e9s Magyarorsz\u00e1g helyi \u00f6nkorm\u00e1nyzatokr\u00f3l sz\u00f3l\u00f3 2011 \u00e9vi CLXXXIX t\u00f6rv\u00e9ny 13. \u00a7 (1) bekezd\u00e9s 1. pontj\u00e1ban meghat\u00e1rozott feladatk\u00f6r\u00e9ben elj\u00e1rva \u2013 a telep\u00fcl\u00e9sfejleszt\u00e9si koncepci\u00f3r\u00f3l, az integr\u00e1lt telep\u00fcl\u00e9sfejleszt\u00e9si strat\u00e9gi\u00e1r\u00f3l \u00e9s a telep\u00fcl\u00e9srendez\u00e9si eszk\u00f6z\u00f6kr\u0151l, valamint egyes telep\u00fcl\u00e9srendez\u00e9si saj\u00e1tos jogint\u00e9z\u00adm\u00e9nyekr\u0151l sz\u00f3l\u00f3 314\/2012. (XI. 8.) Korm. rendelet 43\/A. \u00a7-ban biztos\u00edtott v\u00e9lem\u00e9nyez\u00e9si jogk\u00f6r\u00e9ben elj\u00e1r\u00f3<\/p>\n<ul>\n<li><em>az \u00e1llami f\u0151\u00e9p\u00edt\u00e9szi hat\u00e1sk\u00f6r\u00e9ben elj\u00e1r\u00f3 Szabolcs-Szatm\u00e1r-Bereg Megyei Korm\u00e1nyhivatal (Iktat\u00f3sz\u00e1m: SZ\/4\u00c1F\/00328-2\/2017.),<\/em><\/li>\n<li><em>Nemzeti M\u00e9dia- \u00e9s H\u00edrk\u00f6zl\u00e9si Hat\u00f3s\u00e1g (\u00dcgyiratsz\u00e1m: CD\/37258-3\/2017.),<\/em><\/li>\n<li><em>Minisztereln\u00f6ks\u00e9g, mint a kultur\u00e1lis \u00f6r\u00f6ks\u00e9g v\u00e9delm\u00e9\u00e9rt felel\u0151s miniszter,<\/em><\/li>\n<li><em>Hortob\u00e1gyi Nemzeti Park Igazgat\u00f3s\u00e1g; valamint<\/em><\/li>\n<li><em>Tiborsz\u00e1ll\u00e1s k\u00f6zs\u00e9g a telep\u00fcl\u00e9sfejleszt\u00e9si koncepci\u00f3j\u00e1val, integr\u00e1lt telep\u00fcl\u00e9sfejleszt\u00e9si strat\u00e9gi\u00e1j\u00e1val \u00e9s a telep\u00fcl\u00e9srendez\u00e9si eszk\u00f6z\u00f6k, valamint telep\u00fcl\u00e9sk\u00e9pi arculati k\u00e9zik\u00f6nyv \u00e9s telep\u00fcl\u00e9sk\u00e9pi rendelet k\u00e9sz\u00edt\u00e9s\u00e9vel, m\u00f3dos\u00edt\u00e1s\u00e1val \u00f6sszef\u00fcgg\u0151 partners\u00e9gi egyeztet\u00e9s szab\u00e1lyai szerint bevont partnerek [a telep\u00fcl\u00e9s lakoss\u00e1ga, a telep\u00fcl\u00e9sen m\u0171k\u00f6d\u0151 \u00e9s a telep\u00fcl\u00e9sen sz\u00e9khellyel, telephellyel rendelkez\u0151 \u00e9rdekk\u00e9pviseleti szervezetek, a telep\u00fcl\u00e9sen m\u0171k\u00f6d\u0151 \u00e9s a telep\u00fcl\u00e9sen sz\u00e9khellyel, telephellyel rendelkez\u0151 civil szervezetek, a telep\u00fcl\u00e9sen m\u0171k\u00f6d\u0151 \u00e9s a telep\u00fcl\u00e9sen sz\u00e9khellyel, telephellyel rendelkez\u0151 gazd\u00e1lkod\u00f3 szervezetek, a telep\u00fcl\u00e9sen m\u0171k\u00f6d\u0151 vall\u00e1si k\u00f6z\u00f6ss\u00e9gek (az Orsz\u00e1ggy\u0171l\u00e9s \u00e1ltal elismert egyh\u00e1zak)].<\/em><\/li>\n<\/ul>\n<p>v\u00e9lem\u00e9ny\u00e9nek kik\u00e9r\u00e9s\u00e9vel \u2013 a k\u00f6vetkez\u0151ket rendeli el:<\/p>\n<ol>\n<li><strong> fejezet<\/strong><\/li>\n<\/ol>\n<p><strong>\u00c1LTAL\u00c1NOS &#8211; BEVEZET\u0150-RENDELKEZ\u00c9SEK<\/strong><\/p>\n<h2>1.\u00a0\u00a0\u00a0\u00a0\u00a0 A rendelet c\u00e9lja<\/h2>\n<ol>\n<li><\/li>\n<\/ol>\n<p>A k\u00f6zs\u00e9g saj\u00e1tos telep\u00fcl\u00e9sk\u00e9p\u00e9nek t\u00e1rsadalmi bevon\u00e1s \u00e9s konszenzus \u00e1ltal t\u00f6rt\u00e9n\u0151 v\u00e9delme \u00e9s alak\u00edt\u00e1sa<\/p>\n<ul>\n<li>a helyi \u00e9p\u00edt\u00e9szeti \u00f6r\u00f6ks\u00e9g v\u00e9delem (a tov\u00e1bbiakban: helyi v\u00e9delem) meghat\u00e1roz\u00e1s\u00e1val, a v\u00e9dett\u00e9 nyilv\u00e1n\u00edt\u00e1s, a v\u00e9delem megsz\u00fcntet\u00e9s szab\u00e1lyoz\u00e1s\u00e1val,<\/li>\n<li>a telep\u00fcl\u00e9sk\u00e9pi szempontb\u00f3l meghat\u00e1roz\u00f3 ter\u00fcletek meghat\u00e1roz\u00e1s\u00e1val,<\/li>\n<li>a telep\u00fcl\u00e9sk\u00e9pi k\u00f6vetelm\u00e9nyek meghat\u00e1roz\u00e1s\u00e1val,<\/li>\n<li>a telep\u00fcl\u00e9sk\u00e9p-\u00e9rv\u00e9nyes\u00edt\u00e9si eszk\u00f6z\u00f6k szab\u00e1lyoz\u00e1s\u00e1val.<\/li>\n<\/ul>\n<h2>2.\u00a0\u00a0\u00a0\u00a0\u00a0 A helyi v\u00e9delem c\u00e9lja<\/h2>\n<p><strong>2.\u00a7<\/strong><\/p>\n<ol>\n<li>A helyi v\u00e9delem c\u00e9lja a k\u00f6zs\u00e9g telep\u00fcl\u00e9sk\u00e9pe \u00e9s t\u00f6rt\u00e9nelme szempontj\u00e1b\u00f3l meghat\u00e1roz\u00f3, hagyom\u00e1nyt \u0151rz\u0151, az itt \u00e9lt \u00e9s \u00e9l\u0151 emberek, k\u00f6z\u00f6ss\u00e9gek munk\u00e1j\u00e1t \u00e9s kult\u00far\u00e1j\u00e1t t\u00fckr\u00f6z\u0151 saj\u00e1tos megjelen\u00e9s\u0171, a telep\u00fcl\u00e9sk\u00e9pet meghat\u00e1roz\u00f3 \u00e9p\u00edt\u00e9szeti \u00e9s t\u00e1ji \u00e9rt\u00e9k v\u00e9delme, a j\u00f6v\u0151 nemzed\u00e9kek sz\u00e1m\u00e1ra t\u00f6rt\u00e9n\u0151 meg\u00f3v\u00e1sa.<\/li>\n<li>A helyi v\u00e9delem alatt \u00e1ll\u00f3 \u00e9p\u00edt\u00e9szeti \u00e9s t\u00e1ji \u00f6r\u00f6ks\u00e9g a nemzeti k\u00f6z\u00f6s kultur\u00e1lis kincs r\u00e9sze, ez\u00e9rt fenntart\u00e1sa, v\u00e9delm\u00e9vel \u00f6sszhangban l\u00e9v\u0151 haszn\u00e1lata \u00e9s bemutat\u00e1sa k\u00f6z\u00e9rdek.<\/li>\n<li>Tilos a helyi v\u00e9dett \u00e9p\u00edt\u00e9szeti \u00e9s t\u00e1ji \u00f6r\u00f6ks\u00e9g elemeinek vesz\u00e9lyeztet\u00e9se, megrong\u00e1l\u00e1sa, megsemmis\u00edt\u00e9se.<\/li>\n<\/ol>\n<h2>3.\u00a0\u00a0\u00a0\u00a0\u00a0 A telep\u00fcl\u00e9sk\u00e9pi szempontb\u00f3l meghat\u00e1roz\u00f3 ter\u00fcletek<\/h2>\n<h2>meg\u00e1llap\u00edt\u00e1s\u00e1nak c\u00e9lja<\/h2>\n<ol>\n<li><\/li>\n<\/ol>\n<p>A telep\u00fcl\u00e9sk\u00e9p szempontj\u00e1b\u00f3l meghat\u00e1roz\u00f3 ter\u00fcletek meg\u00e1llap\u00edt\u00e1s\u00e1nak c\u00e9lja a telep\u00fcl\u00e9sk\u00e9phez illeszked\u0151 telep\u00fcl\u00e9sk\u00e9pi k\u00f6vetelm\u00e9nyek meg\u00e1llap\u00edt\u00e1s\u00e1val a jellegzetes, \u00e9rt\u00e9kes, helyi hagyom\u00e1nyt \u0151rz\u0151 \u00e9p\u00edt\u00e9szeti arculat meg\u0151rz\u00e9se, a telep\u00fcl\u00e9sk\u00e9p kedvez\u0151 alak\u00edt\u00e1sa:<\/p>\n<ul>\n<li>az \u00e9p\u00edt\u00e9si tev\u00e9kenys\u00e9ggel \u00e9rintett \u00e9p\u00edtm\u00e9nyekre \u2013 ide \u00e9rtve a saj\u00e1tos \u00e9p\u00edtm\u00e9nyfajt\u00e1kra is,<\/li>\n<li>a helyi egyedi \u00e9p\u00edt\u00e9szeti \u00f6r\u00f6ks\u00e9g v\u00e9delm\u00e9re, v\u00e9dett\u00e9 nyilv\u00e1n\u00edt\u00e1s\u00e1ra, a v\u00e9detts\u00e9g megsz\u00fcntet\u00e9s\u00e9re,<\/li>\n<li>a rekl\u00e1mok \u00e9s rekl\u00e1mhordoz\u00f3k, c\u00e9g\u00e9rek \u00e9s egy\u00e9b m\u0171szaki berendez\u00e9sek elhelyez\u00e9s\u00e9re, alkalmaz\u00e1s\u00e1ra, illetve tilalm\u00e1ra<\/li>\n<\/ul>\n<p>vonatkoz\u00f3an.<\/p>\n<h2>4.\u00a0\u00a0\u00a0\u00a0\u00a0 A rendelet ter\u00fcleti hat\u00e1lya \u00e9s alkalmaz\u00e1sa<\/h2>\n<p><strong>4.\u00a7<\/strong><\/p>\n<ol>\n<li>E rendelet ter\u00fcleti hat\u00e1lya Tiborsz\u00e1ll\u00e1s K\u00f6zs\u00e9g teljes k\u00f6zigazgat\u00e1si ter\u00fclet\u00e9re terjed ki.<\/li>\n<li><\/li>\n<\/ol>\n<h2>5.\u00a0\u00a0\u00a0\u00a0\u00a0 \u00c9rtelmez\u0151 rendelkez\u00e9sek<\/h2>\n<ol>\n<li><\/li>\n<\/ol>\n<p>E rendelet alkalmaz\u00e1s\u00e1ban:<\/p>\n<ol>\n<li><em>\u00c1tt\u00f6rt ker\u00edt\u00e9s<\/em>: olyan ker\u00edt\u00e9s, amelynek a ker\u00edt\u00e9s s\u00edkj\u00e1ra mer\u0151leges \u00e1tl\u00e1that\u00f3s\u00e1ga 50%-n\u00e1l nagyobb m\u00e9rt\u00e9kben nem korl\u00e1tozott.<\/li>\n<li><em>C\u00e9gt\u00e1bla<\/em>: kereskedelmi-, szolg\u00e1ltat\u00f3-, vagy vend\u00e9gl\u00e1t\u00f3 l\u00e9tes\u00edtm\u00e9ny (helyis\u00e9g, egy\u00fcttes) nev\u00e9t \u00e9s az ott folytatott tev\u00e9kenys\u00e9get a bej\u00e1ratn\u00e1l felt\u00fcntet\u0151 t\u00e1bla, illetve felirat, mely nem min\u0151s\u00fcl rekl\u00e1mnak.<\/li>\n<li>C<em>\u00edmt\u00e1bla: <\/em> szempontj\u00e1b\u00f3l rekl\u00e1mnak nem min\u0151s\u00fcl\u0151, az int\u00e9zm\u00e9ny vagy v\u00e1llalkoz\u00e1s nev\u00e9t, esetleg egy\u00e9b adatait felt\u00fcntet\u0151 t\u00e1bla, n\u00e9vt\u00e1bla.<\/li>\n<li><em>Egyedi mobil t\u00e1j\u00e9koztat\u00f3 t\u00e1bla: <\/em>inform\u00e1ci\u00f3s vagy m\u00e1s c\u00e9l\u00fa berendez\u00e9snek min\u0151s\u00fcl\u0151 olyan nem r\u00f6gz\u00edtett, egyedi m\u00e9ret\u0171 \u00e9s ak\u00e1r v\u00e1ltoz\u00f3 felirat\u00fa t\u00e1j\u00e9koztat\u00f3, hirdet\u0151 berendez\u00e9s, mely a kereskedelmi- szolg\u00e1ltat\u00f3-vend\u00e9gl\u00e1t\u00f3 tev\u00e9kenys\u00e9g szolg\u00e1ltat\u00e1sair\u00f3l ad t\u00e1j\u00e9koztat\u00e1st.<\/li>\n<li><em>Egyedi t\u00e1j\u00e9koztat\u00f3 t\u00e1bla: <\/em>inform\u00e1ci\u00f3s vagy m\u00e1s c\u00e9l\u00fa berendez\u00e9snek min\u0151s\u00fcl\u0151 olyan \u2013 r\u00f6gz\u00edtett, egyedi m\u00e9ret\u0171, \u00e1lland\u00f3 tartalm\u00fa \u2013 hirdet\u0151 berendez\u00e9s, mely gazdas\u00e1gi-, kereskedelmi-, szolg\u00e1ltat\u00f3-, vend\u00e9gl\u00e1t\u00f3 tev\u00e9kenys\u00e9get v\u00e9gz\u0151k hely\u00e9r\u0151l, ir\u00e1ny\u00e1r\u00f3l, megnevez\u00e9s\u00e9r\u0151l, tev\u00e9kenys\u00e9g\u00e9r\u0151l, telephely\u00e9r\u0151l, nyitvatart\u00e1sir\u00f3l, megk\u00f6zel\u00edt\u00e9s\u00e9r\u0151l, ill. a telep\u00fcl\u00e9s szolg\u00e1ltat\u00f3 \u00e9p\u00fcleteir\u0151l utc\u00e1ir\u00f3l ad inform\u00e1ci\u00f3t;<\/li>\n<li><em>\u00c9p\u00fclet f\u0151gerince: <\/em>Az \u00e9p\u00fclet t\u00f6meg\u00e9t meghat\u00e1roz\u00f3, jellemz\u0151en az utcai traktus legmagasabb \u00e9s leghosszabb gerince<strong>. <\/strong><\/li>\n<li><em>Eredeti \u00e1llapot: <\/em>a v\u00e9dett \u00e9p\u00fclet, \u00e9p\u00edtm\u00e9ny \u00e9p\u00edt\u00e9sekor fenn\u00e1ll\u00f3 \u00e1llapot vagy egy olyan k\u00e9s\u0151bbi \u00e1llapot, melyet az \u00e9rt\u00e9kvizsg\u00e1lat a v\u00e9delem elrendel\u00e9sekor v\u00e9dend\u0151 \u00e9rt\u00e9kk\u00e9nt hat\u00e1rozott meg.<\/li>\n<li>(m\u00e1s n\u00e9ven terra sz\u00ednek) t\u00f6rt, s\u00f6t\u00e9t, meleg sz\u00ednek, melyek sz\u00edntartom\u00e1nya a v\u00f6r\u00f6s-narancs- s\u00e1rga-z\u00f6ldess\u00e1rga.<\/li>\n<li><em>Helyi v\u00e9dett \u00e9rt\u00e9k<\/em>: helyi egyedi v\u00e9dett \u00e9p\u00fclet, m\u0171t\u00e1rgy (\u00e9p\u00edtm\u00e9ny), egyedi v\u00e9dett n\u00f6v\u00e9nyzet.<\/li>\n<li><em>Inform\u00e1ci\u00f3s vagy m\u00e1s c\u00e9l\u00fa berendez\u00e9s<\/em>: egyedi t\u00e1j\u00e9koztat\u00f3 t\u00e1bla, egyedi mobil t\u00e1j\u00e9koztat\u00f3 t\u00e1bla, \u00f6nkorm\u00e1nyzati inform\u00e1ci\u00f3s t\u00e1bla, totemoszlop, oszlop tart\u00f3szerkezet\u0171 (\u201el\u00e1bon\u00e1ll\u00f3\u201d) inform\u00e1ci\u00f3s t\u00e1bla, rekl\u00e1m pylon \u00e9s rekl\u00e1mz\u00e1szl\u00f3, napv\u00e9d\u0151 ponyva, transzparens, vagy molin\u00f3 amennyiben ezek r\u00e9szben rekl\u00e1mnak nem min\u0151s\u00fcl\u0151 inform\u00e1ci\u00f3s c\u00e9lt \u00e9s k\u00f6z\u00e9rdeket szolg\u00e1lnak.<\/li>\n<li><em>\u00d6nkorm\u00e1nyzati inform\u00e1ci\u00f3s t\u00e1bla: <\/em>olyan r\u00f6gz\u00edtett, egyedi m\u00e9ret\u0171 inform\u00e1ci\u00f3s \u00e9s m\u00e1s c\u00e9l\u00fa berendez\u00e9snek min\u0151s\u00fcl\u0151 hirdet\u0151-berendez\u00e9s, mely a helyi lakosok sz\u00e1m\u00e1ra ny\u00fajt, rendszeresen v\u00e1ltoz\u00f3 tartalommal, k\u00f6z\u00e9rdek\u0171 inform\u00e1ci\u00f3kat, tov\u00e1bb\u00e1 lehet\u0151s\u00e9get biztos\u00edt lakoss\u00e1gi apr\u00f3hirdet\u00e9sek, kism\u00e9ret\u0171 hirdet\u00e9sek elhelyez\u00e9s\u00e9re.<\/li>\n<li><em>Pasztellsz\u00edn<\/em>: a sz\u00ednek nagyon vil\u00e1gos \u00e9s kis tel\u00edtetts\u00e9g\u0171 \u00e1rnyalatai, melyeknek (a sz\u00edn mellett) csak feh\u00e9rtartalma van, fekete nincs.<\/li>\n<li><em>R\u00e9szben \u00e1tt\u00f6rt ker\u00edt\u00e9s<\/em>: olyan ker\u00edt\u00e9s, amelynek a ker\u00edt\u00e9s s\u00edkj\u00e1ra mer\u0151leges \u00e1tl\u00e1that\u00f3s\u00e1ga 50% \u00e9s 90 % k\u00f6z\u00f6tt korl\u00e1tozott.<\/li>\n<li><em>T\u00f6m\u00f6r ker\u00edt\u00e9s<\/em>: olyan ker\u00edt\u00e9s, amelynek a ker\u00edt\u00e9s s\u00edkj\u00e1ra mer\u0151leges \u00e1tl\u00e1that\u00f3s\u00e1ga 90%-n\u00e1l nagyobb m\u00e9rt\u00e9kben korl\u00e1tozott.<\/li>\n<li><em>\u00dczletfelirat:<\/em> kereskedelmi-, szolg\u00e1ltat\u00f3- vagy vend\u00e9gl\u00e1t\u00f3, egy vagy t\u00f6bb egys\u00e9get mag\u00e1ba foglal\u00f3 \u00e9p\u00edtm\u00e9nyen, a benne foly\u00f3 tev\u00e9kenys\u00e9get hirdet\u0151 feliratot hordoz\u00f3 berendez\u00e9s, mely nem min\u0151s\u00fcl rekl\u00e1mnak.<\/li>\n<li><em>V\u00e1llalkoz\u00e1st n\u00e9pszer\u0171s\u00edt\u0151 felirat:<\/em> v\u00e1llalkoz\u00e1st n\u00e9pszer\u0171s\u00edt\u0151 felirata benne foly\u00f3 tev\u00e9kenys\u00e9get hirdet\u0151 feliratot hordoz\u00f3 berendez\u00e9s, mely nem min\u0151s\u00fcl rekl\u00e1mnak.<\/li>\n<li><em>Transzparens vagy molin\u00f3<\/em>: kifesz\u00edtett vagy k\u00f6zt\u00e9r felett \u00e1tfesz\u00edtett textil vagy textil jelleg\u0171 egy\u00e9b anyagb\u00f3l k\u00e9sz\u00fclt rekl\u00e1mhordoz\u00f3.<\/li>\n<\/ol>\n<ol>\n<li><strong> fejezet<\/strong><\/li>\n<\/ol>\n<p><strong>A HELYI V\u00c9DELEM<\/strong><\/p>\n<h2>6.\u00a0\u00a0\u00a0\u00a0\u00a0 A helyi v\u00e9delem feladata<\/h2>\n<p><strong>6.\u00a7 <\/strong><\/p>\n<p>A helyi v\u00e9delem feladata<\/p>\n<ol>\n<li><\/li>\n<\/ol>\n<ol>\n<li>b)\u00a0\u00a0\u00a0 a v\u00e9delem alatt \u00e1ll\u00f3 \u00e9p\u00edt\u00e9szeti \u00f6r\u00f6ks\u00e9g k\u00e1rosod\u00e1s\u00e1nak megel\u0151z\u00e9se, illetve a k\u00e1rosod\u00e1s cs\u00f6kkent\u00e9s\u00e9nek vagy megsz\u00fcntet\u00e9s\u00e9nek el\u0151seg\u00edt\u00e9se.<\/li>\n<\/ol>\n<h2>7.\u00a0\u00a0\u00a0\u00a0\u00a0 A helyi v\u00e9delem al\u00e1 helyez\u00e9s \u00e9s a helyi v\u00e9delem megsz\u0171n\u00e9s\u00e9nek szab\u00e1lyai<\/h2>\n<h3>7.\u00a7<\/h3>\n<ol>\n<li>A helyi v\u00e9delem al\u00e1 helyez\u00e9st vagy annak megsz\u00fcntet\u00e9s\u00e9t b\u00e1rmely term\u00e9szetes szem\u00e9ly, jogi szem\u00e9ly, jogi szem\u00e9lyis\u00e9ggel nem rendelkez\u0151 szervezet \u00edr\u00e1sban a polg\u00e1rmestern\u00e9l kezdem\u00e9nyezheti.<\/li>\n<li>A kezdem\u00e9nyez\u00e9snek tartalmaznia kell<\/li>\n<\/ol>\n<ul>\n<li>egyedi \u00e9p\u00fcletek, \u00e9p\u00edtm\u00e9nyek \u00e9s term\u00e9szeti \u00e9rt\u00e9kek eset\u00e9n:<\/li>\n<\/ul>\n<ul>\n<li>a v\u00e9dend\u0151 \u00e9rt\u00e9k(ek) megnevez\u00e9s\u00e9t, sz\u00fcks\u00e9g eset\u00e9n k\u00f6r\u00fclhat\u00e1rol\u00e1s\u00e1t,<\/li>\n<li>a pontos hely megjel\u00f6l\u00e9s\u00e9t (utca, h\u00e1zsz\u00e1m, helyrajzi sz\u00e1m, \u00e9p\u00fclet-, illetve telekr\u00e9sz),<\/li>\n<li>a v\u00e9dend\u0151 \u00e9rt\u00e9k r\u00f6vid le\u00edr\u00e1s\u00e1t, dokument\u00e1l\u00e1s\u00e1t (szakirodalom, fot\u00f3k),<\/li>\n<li>a kezdem\u00e9nyez\u00e9s indokol\u00e1s\u00e1t,<\/li>\n<li>\u00e9rt\u00e9kvizsg\u00e1latot,<\/li>\n<li>a kezdem\u00e9nyez\u0151 nev\u00e9t, megnevez\u00e9s\u00e9t, c\u00edm\u00e9t.<\/li>\n<\/ul>\n<ul>\n<li>telep\u00fcl\u00e9sszerkezet, telep\u00fcl\u00e9sk\u00e9p, karakter, v\u00e9delemre javasolt egy\u00fcttes eset\u00e9n:<\/li>\n<\/ul>\n<ul>\n<li>annak megnevez\u00e9s\u00e9t,<\/li>\n<li>k\u00f6r\u00fclhat\u00e1rol\u00e1s\u00e1t,<\/li>\n<li>a v\u00e9dend\u0151 \u00e9rt\u00e9k r\u00f6vid le\u00edr\u00e1s\u00e1t, dokument\u00e1l\u00e1s\u00e1t,<\/li>\n<li>a kezdem\u00e9nyez\u00e9s indokl\u00e1s\u00e1t,<\/li>\n<li>\u00e9rt\u00e9kvizsg\u00e1latot,<\/li>\n<li>a kezdem\u00e9nyez\u0151 nev\u00e9t, megnevez\u00e9s\u00e9t, c\u00edm\u00e9t.<\/li>\n<\/ul>\n<ol>\n<li>A helyi v\u00e9delem al\u00e1 helyez\u00e9s alapj\u00e1ul az \u00e9rt\u00e9kvizsg\u00e1lat szolg\u00e1l.<\/li>\n<li>Amennyiben a kezdem\u00e9nyez\u00e9s hi\u00e1nyosan ker\u00fclt bead\u00e1sra, \u00e9s azt az erre vonatkoz\u00f3 hi\u00e1nyp\u00f3tl\u00e1si felh\u00edv\u00e1s ellen\u00e9re 15 napon bel\u00fcl nem eg\u00e9sz\u00edtik ki a kezdem\u00e9nyez\u00e9st a polg\u00e1rmester \u00e9rdemi vizsg\u00e1lat n\u00e9lk\u00fcl elutas\u00edtja. Err\u0151l a kezdem\u00e9nyez\u0151t \u00edr\u00e1sban \u00e9rtes\u00edteni kell.<\/li>\n<li>A helyi v\u00e9delem al\u00e1 helyez\u00e9snek, illetve annak megsz\u00fcntet\u00e9s\u00e9nek szakmai el\u0151k\u00e9sz\u00edt\u00e9se, d\u00f6nt\u00e9s-el\u0151k\u00e9sz\u00edt\u00e9se a megb\u00edzott telep\u00fcl\u00e9si f\u0151\u00e9p\u00edt\u00e9sz &#8211; alkalmaz\u00e1sa hi\u00e1ny\u00e1ban a polg\u00e1rmester &#8211; feladata.<\/li>\n<li>A helyi v\u00e9delem al\u00e1 helyez\u00e9s kezdem\u00e9nyez\u00e9shez kapcsol\u00f3d\u00f3 el\u0151k\u00e9sz\u00edt\u00e9shez be kell szerezni az \u00e9rintett ingatlan-tulajdonosok egy\u00fcttes \u00e1ll\u00e1spontj\u00e1t.<\/li>\n<\/ol>\n<h3>8.\u00a7<\/h3>\n<ol>\n<li>A helyi v\u00e9delem al\u00e1 helyez\u00e9si vagy megsz\u00fcntet\u00e9si elj\u00e1r\u00e1sban \u00e9rdekeltnek kell tekinteni:\n<ul>\n<li>a javaslattal \u00e9rintett f\u00f6ldr\u00e9szlet(ek), ingatlan(ok) tulajdonosait,<\/li>\n<li>kezdem\u00e9nyez\u0151(ke)t.<\/li>\n<\/ul>\n<\/li>\n<li>A helyi v\u00e9delem al\u00e1 helyez\u00e9si, illetve annak megsz\u00fcntet\u00e9s\u00e9re ir\u00e1nyul\u00f3 elj\u00e1r\u00e1s megind\u00edt\u00e1s\u00e1r\u00f3l az \u00e9rdekelteket \u00e9rtes\u00edteni kell:<\/li>\n<\/ol>\n<ul>\n<li>az egyedi \u00e9rt\u00e9kre vonatkoz\u00f3 kezdem\u00e9nyez\u00e9s eset\u00e9n az \u00e9rtes\u00edt\u00e9st az \u00e9rdekeltnek \u00edr\u00e1sban k\u00e9zbes\u00edteni kell.<\/li>\n<li>nem egyedi \u00e9rt\u00e9k eset\u00e9n az \u00e9rtes\u00edt\u00e9s t\u00f6rt\u00e9nhet kiz\u00e1r\u00f3lag a helyben szok\u00e1sos k\u00f6zh\u00edrr\u00e9 t\u00e9tellel.<\/li>\n<li>a haszn\u00e1l\u00f3 \u00e9rtes\u00edt\u00e9se a tulajdonos \u00fatj\u00e1n t\u00f6rt\u00e9nik.<\/li>\n<li>amennyiben az \u00e9rdekeltek felkutat\u00e1sa ar\u00e1nytalan neh\u00e9zs\u00e9gekbe \u00fctk\u00f6zne, az \u00e9rtes\u00edt\u00e9s\u00fcket a k\u00f6zh\u00edrr\u00e9 t\u00e9tellel megt\u00f6rt\u00e9ntnek kell tekinteni.<\/li>\n<\/ul>\n<ol>\n<li>A K\u00e9pvisel\u0151-test\u00fclet a hi\u00e1nytalan tartalm\u00fa kezdem\u00e9nyez\u00e9s beny\u00fajt\u00e1s\u00e1t\u00f3l sz\u00e1m\u00edtott 60 napon bel\u00fcl a megb\u00edzott telep\u00fcl\u00e9si f\u0151\u00e9p\u00edt\u00e9sz &#8211; alkalmaz\u00e1sa hi\u00e1ny\u00e1ban a polg\u00e1rmester &#8211; v\u00e9lem\u00e9ny\u00e9nek figyelembev\u00e9tel\u00e9vel rendeletben d\u00f6nt a helyi v\u00e9delem elrendel\u00e9s\u00e9r\u0151l vagy annak megsz\u00fcntet\u00e9s\u00e9r\u0151l.<\/li>\n<li>A helyi v\u00e9delem elrendel\u00e9s\u00e9vel vagy annak megsz\u00fcntet\u00e9s\u00e9vel kapcsolatos k\u00e9pvisel\u0151-test\u00fcleti d\u00f6nt\u00e9sr\u0151l az \u00e9rdekelteket 8 napon bel\u00fcl \u00edr\u00e1sban \u00e9rtes\u00edteni kell.<\/li>\n<li>A helyi v\u00e9delem elrendel\u00e9s\u00e9t vagy megsz\u00fcntet\u00e9s\u00e9t az ingatlan nyilv\u00e1ntart\u00e1sba be kell jegyeztetni. Az ingatlan-nyilv\u00e1ntart\u00e1si bejegyz\u00e9st a jegyz\u0151 kezdem\u00e9nyezi. A bejegyz\u00e9s esetleges elmarad\u00e1sa a v\u00e9detts\u00e9get nem \u00e9rinti.<\/li>\n<\/ol>\n<h3>9.\u00a7<\/h3>\n<ol>\n<li>A v\u00e9delem megsz\u0171nik, ha\n<ul>\n<li>a helyi v\u00e9dett \u00e9rt\u00e9k magasabb jogszab\u00e1lyi v\u00e9detts\u00e9get kap, vagy<\/li>\n<li>a helyi v\u00e9dett \u00e9rt\u00e9k helyrehozhatatlanul megsemmis\u00fcl, vagy<\/li>\n<li>a k\u00e9pvisel\u0151-test\u00fclet a helyi v\u00e9delmet megsz\u00fcnteti.<\/li>\n<\/ul>\n<\/li>\n<li>Ha egy helyi egyedi v\u00e9delem alatt \u00e1ll\u00f3 \u00e9rt\u00e9ket m\u0171eml\u00e9ki v\u00e9delem al\u00e1 helyeznek, annak k\u00f6zz\u00e9t\u00e9tel\u00e9vel egyidej\u0171leg a helyi egyedi v\u00e9delem megsz\u0171nik. Ebben az esetben a jegyz\u0151 kezdem\u00e9nyezi az ingatlan\u00fcgyi hat\u00f3s\u00e1gn\u00e1l a helyi egyedi v\u00e9delem t\u00f6rl\u00e9s\u00e9t.<\/li>\n<li>A helyi v\u00e9dett \u00e9p\u00fclet, \u00e9p\u00edtm\u00e9ny, szobor bont\u00e1sa csak a v\u00e9delem megsz\u00fcntet\u00e9se ut\u00e1n enged\u00e9lyezhet\u0151.<\/li>\n<li>Helyi v\u00e9dett n\u00f6v\u00e9nyzet kiv\u00e1g\u00e1sa csak a v\u00e9delem megsz\u0171n\u00e9s\u00e9t k\u00f6vet\u0151en, illetve a n\u00f6v\u00e9nyzet kipusztul\u00e1sa eset\u00e9n, tov\u00e1bb\u00e1 k\u00f6zvetlen \u00e9let- vagy balesetvesz\u00e9lyes helyzet megsz\u00fcntet\u00e9se \u00e9rdek\u00e9ben enged\u00e9lyezhet\u0151. A v\u00e9dett n\u00f6v\u00e9nyzet kipusztul\u00e1s\u00e1t kert\u00e9szeti szakv\u00e9lem\u00e9nnyel kell igazolni. A v\u00e9dett n\u00f6v\u00e9nyzet esetleges p\u00f3tl\u00e1s\u00e1r\u00f3l a jegyz\u0151 \u00e1ltal meghat\u00e1rozottak szerint kell int\u00e9zkedni.<\/li>\n<\/ol>\n<h2>8.\u00a0\u00a0\u00a0\u00a0\u00a0 A v\u00e9dett \u00e9rt\u00e9k nyilv\u00e1ntart\u00e1sa<\/h2>\n<ol>\n<li><\/li>\n<\/ol>\n<ol>\n<li>A helyi v\u00e9detts\u00e9gr\u0151l a jegyz\u0151 nyilv\u00e1ntart\u00e1st vezet, mely nyilv\u00e1nos, abba b\u00e1rki betekinthet.<\/li>\n<li>A nyilv\u00e1ntart\u00e1s r\u00e9sze a helyi v\u00e9dett \u00e9rt\u00e9ket tartalmaz\u00f3 lista \u00e9s a helyi v\u00e9dett \u00e9rt\u00e9keket felt\u00fcntet\u0151 t\u00e9rk\u00e9p.<\/li>\n<li>A nyilv\u00e1ntart\u00e1s tartalmazza a helyi v\u00e9dett \u00e9rt\u00e9k:<\/li>\n<\/ol>\n<ul>\n<li>megnevez\u00e9s\u00e9t,<\/li>\n<li>v\u00e9delmi nyilv\u00e1ntart\u00e1si sz\u00e1m\u00e1t,<\/li>\n<\/ul>\n<ul>\n<li>v\u00e9delm\u00e9nek szakszer\u0171, r\u00f6vid indokol\u00e1s\u00e1t,<\/li>\n<li>fot\u00f3dokument\u00e1ci\u00f3j\u00e1t,<\/li>\n<li>v\u00e9detts\u00e9gi kateg\u00f3ri\u00e1j\u00e1t (egyedi \u00e9p\u00edt\u00e9szeti, ter\u00fcleti, t\u00e1ji),<\/li>\n<\/ul>\n<ol>\n<li>Egyedi v\u00e9delem eset\u00e9n a (2) bekezd\u00e9sben felsoroltakon t\u00fal tartalmaznia kell:<\/li>\n<\/ol>\n<ul>\n<li>a v\u00e9dett \u00e9rt\u00e9k pontos hely\u00e9t (utca, h\u00e1zsz\u00e1m, helyrajzi sz\u00e1m),<\/li>\n<li>a v\u00e9dett \u00e9rt\u00e9k rendeltet\u00e9s\u00e9t \u00e9s haszn\u00e1lat\u00e1nak m\u00f3dj\u00e1t.<\/li>\n<\/ul>\n<h2>9.\u00a0\u00a0\u00a0\u00a0\u00a0 A v\u00e9dett \u00e9rt\u00e9k megjel\u00f6l\u00e9se<\/h2>\n<p><strong>11.\u00a7<\/strong><\/p>\n<ol>\n<li>A helyi egyedi v\u00e9delem al\u00e1 helyezett \u00e9p\u00fclet, \u00e9p\u00edtm\u00e9ny, szobor csak egys\u00e9ges megjelen\u00e9s\u0171 t\u00e1bl\u00e1val jel\u00f6lhet\u0151 meg. A t\u00e1bla m\u00e9rete 30X20cm, amelynek a v\u00e9delem t\u00e1rgya mellett a k\u00f6vetkez\u0151 sz\u00f6veget kell tartalmaznia: \u201eTiborsz\u00e1ll\u00e1s K\u00f6zs\u00e9g \u00d6nkorm\u00e1nyzat\u00e1nak K\u00e9pvisel\u0151-test\u00fclete helyi v\u00e9dett\u00e9 nyilv\u00e1n\u00edtotta\u201d \u201e\u2026\u2026. \u00e9v\u201d. A t\u00e1bla anyaga k\u0151, f\u00e9m vagy fa. A t\u00e1bla elhelyez\u00e9se \u2013 esetleges p\u00f3tl\u00e1sa \u2013 a polg\u00e1rmester feladata.<\/li>\n<li>Helyi v\u00e9dett n\u00f6v\u00e9nyzetet annak k\u00f6zvetlen k\u00f6rnyezet\u00e9ben elhelyezett 30X20 cm t\u00e1bl\u00e1n kell megjel\u00f6lni, melyen a n\u00f6v\u00e9ny magyar \u00e9s latin nev\u00e9t is fel kell t\u00fcntetni.<\/li>\n<\/ol>\n<p>A t\u00e1bla elhelyez\u00e9se \u2013 esetleges p\u00f3tl\u00e1sa \u2013 a polg\u00e1rmester feladata.<\/p>\n<h2>10.\u00a0 A helyi egyedi v\u00e9delem meghat\u00e1roz\u00e1sa<\/h2>\n<p style=\"text-align: center;\"><strong>12.\u00a7<\/strong><\/p>\n<p>A helyi egyedi v\u00e9delem al\u00e1 vont \u00e9p\u00fcletek, \u00e9p\u00edtm\u00e9nyek, szobrok k\u00f6r\u00e9t a 2. mell\u00e9kletben meghat\u00e1rozott jegyz\u00e9k tartalmazza.<\/p>\n<h2>11.\u00a0 Az egyedi v\u00e9delemhez kapcsol\u00f3d\u00f3 tulajdonosi k\u00f6telezetts\u00e9gek<\/h2>\n<p style=\"text-align: center;\"><strong>13.\u00a7<\/strong><\/p>\n<ol>\n<li>A helyi v\u00e9dett \u00e9rt\u00e9kek rendeltet\u00e9sszer\u0171 haszn\u00e1lata, j\u00f3 karbantart\u00e1sa, \u00e1llapotuk meg\u00f3v\u00e1sa a tulajdonos k\u00f6teless\u00e9ge. Ennek k\u00f6lts\u00e9gei a tulajdonost terhelik.<\/li>\n<li>A v\u00e9dett \u00e9rt\u00e9kek megfelel\u0151 fenntart\u00e1s\u00e1t \u00e9s meg\u0151rz\u00e9s\u00e9t \u2013 egyebek k\u00f6z\u00f6tt \u2013 a rendeltet\u00e9snek megfelel\u0151 haszn\u00e1lattal kell biztos\u00edtani. A haszn\u00e1lat a helyi v\u00e9dett \u00e9rt\u00e9ket nem vesz\u00e9lyeztetheti.<\/li>\n<li>Amennyiben a rendeltet\u00e9st\u0151l elt\u00e9r\u0151 haszn\u00e1lat a v\u00e9dett \u00e9rt\u00e9k \u00e1llag\u00e1nak roml\u00e1s\u00e1hoz vagy megsemmis\u00fcl\u00e9s\u00e9hez vezetne, \u00fagy a polg\u00e1rmester telep\u00fcl\u00e9sk\u00e9pi k\u00f6telez\u00e9s form\u00e1j\u00e1ban a rendetet\u00e9s szerinti haszn\u00e1latra, tov\u00e1bb\u00e1 az \u00e9p\u00edtm\u00e9ny, \u00e9p\u00edtm\u00e9nyr\u00e9sz fel\u00faj\u00edt\u00e1s\u00e1ra, \u00e1talak\u00edt\u00e1s\u00e1ra vagy elbont\u00e1s\u00e1ra k\u00f6telezheti a tulajdonost.<\/li>\n<\/ol>\n<p><strong>III. fejezet<\/strong><\/p>\n<p><strong>A TELEP\u00dcL\u00c9SK\u00c9PI SZEMPONTB\u00d3L MEGHAT\u00c1ROZ\u00d3 TER\u00dcLETEK<\/strong><\/p>\n<h3><\/h3>\n<h3>12. A telep\u00fcl\u00e9sk\u00e9pi szempontb\u00f3l meghat\u00e1roz\u00f3 ter\u00fcletek meg\u00e1llap\u00edt\u00e1sa<\/h3>\n<ol>\n<li><\/li>\n<\/ol>\n<ol>\n<li>A telep\u00fcl\u00e9sszerkezet, telep\u00fcl\u00e9skarakter, t\u00e1jk\u00e9pi elem \u00e9s egy\u00e9b helyi adotts\u00e1g alapj\u00e1n a telep\u00fcl\u00e9sk\u00e9pi szempontb\u00f3l meghat\u00e1roz\u00f3 ter\u00fcletek t\u00e9rk\u00e9pi lehat\u00e1rol\u00e1s\u00e1t a belter\u00fcletre vonatkoz\u00f3an az 1. mell\u00e9klet tartalmazza.<\/li>\n<li>Telep\u00fcl\u00e9sk\u00e9p szempontj\u00e1b\u00f3l meghat\u00e1roz\u00f3 ter\u00fcletek<\/li>\n<\/ol>\n<ul>\n<li>a Telep\u00fcl\u00e9sk\u00f6zpont telep\u00fcl\u00e9sr\u00e9sz,<\/li>\n<li>helyi jelent\u0151s\u00e9g\u0171 term\u00e9szetv\u00e9delmi ter\u00fclet \u00e9s a v\u00e9dett term\u00e9szeti \u00e9rt\u00e9k.<\/li>\n<li>a vil\u00e1g\u00f6r\u00f6ks\u00e9gi helysz\u00edn ter\u00fclete \u00e9s v\u00e9d\u0151\u00f6vezet\u00e9nek ter\u00fclete,<\/li>\n<li>a m\u0171eml\u00e9k ter\u00fclete, m\u0171eml\u00e9ki k\u00f6rnyezet ter\u00fclete,<\/li>\n<li>a r\u00e9g\u00e9szeti \u00e9rdek\u0171 ter\u00fclet \u00e9s a r\u00e9g\u00e9szeti lel\u0151hely ter\u00fclete,<\/li>\n<li>a helyi v\u00e9dett \u00e9rt\u00e9k ter\u00fclete,<\/li>\n<li>a NATURA 2000 ter\u00fclet, a nemzeti park ter\u00fclete, orsz\u00e1gos jelent\u0151s\u00e9g\u0171 \u00e9s a fokozottan v\u00e9dett term\u00e9szetv\u00e9delmi ter\u00fclet, \u201eex lege\u201d v\u00e9dett\u2013term\u00e9szeti eml\u00e9k ter\u00fcletek, az orsz\u00e1gos \u00f6kol\u00f3giai h\u00e1l\u00f3zat magter\u00fclete \u00e9s az \u00f6kol\u00f3giai folyos\u00f3 ter\u00fclete,<\/li>\n<li>a t\u00e1jk\u00e9pv\u00e9delmi ter\u00fclet, egyedi t\u00e1j\u00e9rt\u00e9k ter\u00fclete.<\/li>\n<\/ul>\n<ol>\n<li><\/li>\n<\/ol>\n<ul>\n<li>A telep\u00fcl\u00e9sk\u00e9p szempontj\u00e1b\u00f3l meghat\u00e1roz\u00f3 Telep\u00fcl\u00e9sk\u00f6zpont telep\u00fcl\u00e9sr\u00e9szt az 1. mell\u00e9klet szerint kell beazonos\u00edtani. A ter\u00fcleti lehat\u00e1rol\u00e1sukat a helyi \u00e9p\u00edt\u00e9si szab\u00e1lyzat \u00e9s a hozz\u00e1 tartoz\u00f3 szab\u00e1lyoz\u00e1si terven kell meg\u00e1llap\u00edtani.<\/li>\n<li>A 14. \u00a7 (2) b)-h) pontokban felsorolt telep\u00fcl\u00e9sk\u00e9p szempontj\u00e1b\u00f3l meghat\u00e1roz\u00f3 ter\u00fcletek beazonos\u00edt\u00e1sa a helyi \u00e9p\u00edt\u00e9si szab\u00e1lyzat \u00e9s a hozz\u00e1 tartoz\u00f3 szab\u00e1lyoz\u00e1si terven t\u00f6rt\u00e9nik. A ter\u00fcleti lehat\u00e1rol\u00e1sukat az orsz\u00e1gos jogszab\u00e1lyok alapj\u00e1n kell meg\u00e1llap\u00edtani.<\/li>\n<\/ul>\n<ol>\n<li><strong> fejezet<\/strong><\/li>\n<\/ol>\n<p><strong>A TELEP\u00dcL\u00c9SK\u00c9PI K\u00d6VETELM\u00c9NYEK<\/strong><\/p>\n<h3>13.\u00a0\u00a0\u00a0\u00a0\u00a0\u00a0\u00a0\u00a0\u00a0\u00a0\u00a0\u00a0\u00a0 Teljes k\u00f6zigazgat\u00e1si ter\u00fcleten<\/h3>\n<h3>az \u00e9p\u00edtm\u00e9nyek anyaghaszn\u00e1lat\u00e1ra vonatkoz\u00f3<\/h3>\n<h3>\u00e1ltal\u00e1nos \u00e9p\u00edt\u00e9szeti k\u00f6vetelm\u00e9nyek<\/h3>\n<ol>\n<li><\/li>\n<\/ol>\n<ol>\n<li>Az utcak\u00e9pben k\u00f6zvetlen\u00fcl megjelen\u0151 \u00e9p\u00fcletek, \u00e9p\u00edtm\u00e9nyek tet\u0151szerkezete nem fedhet\u0151k \u00e9s nem \u00faj\u00edthat\u00f3k fel hull\u00e1mpala, m\u0171anyag hull\u00e1mlemez \u00e9s trap\u00e9zlemez, valamint bitumenes hull\u00e1mlemez alkalmaz\u00e1s\u00e1val.<\/li>\n<li>A tet\u0151fed\u0151 anyagok k\u00f6z\u00fcl rik\u00edt\u00f3 sz\u00ednek nem (helyette a f\u00f6ldsz\u00ednek) alkalmazhat\u00f3k.<\/li>\n<li>Homlokzatokra \u00e9s tet\u0151szerkezet h\u00e9jazatak\u00e9nt csillog\u00f3, t\u00fckr\u00f6z\u0151d\u0151 fel\u00fcletek nem alkalmazhat\u00f3k.<\/li>\n<li>A homlokzatok sz\u00ednez\u00e9s\u00e9re a pasztell \u00e1rnyalat\u00fa f\u00f6ldsz\u00edneken t\u00fal tov\u00e1bbi sz\u00ednek nem alkalmazhat\u00f3k.<\/li>\n<li>\u00c9p\u00edtm\u00e9nyek \u00e1tsz\u00ednez\u00e9sekor nem alkalmazhat\u00f3 az \u00e9p\u00edtm\u00e9ny eg\u00e9sz\u00e9nek sz\u00ednez\u00e9s\u00e9vel \u00e9s anyaghaszn\u00e1lat\u00e1val, valamint a szomsz\u00e9dos \u00e9p\u00fcletekkel \u00e9s az utcak\u00e9ppel nem harmoniz\u00e1l\u00f3 homlokzat sz\u00ednez\u00e9s.<\/li>\n<li>Az utcai homlokzat \u00e1tsz\u00ednez\u00e9se csak teljes homlokzati fel\u00fcleten t\u00f6rt\u00e9nhet.<\/li>\n<\/ol>\n<ol start=\"14\">\n<li><strong> Belter\u00fcleten a be\u00e9p\u00edt\u00e9sre sz\u00e1nt <\/strong><\/li>\n<\/ol>\n<p><strong>telep\u00fcl\u00e9sk\u00e9pi szempontb\u00f3l meghat\u00e1roz\u00f3 ter\u00fcletekre vonatkoz\u00f3 <\/strong><\/p>\n<p><strong>ter\u00fcleti \u00e9p\u00edt\u00e9szeti k\u00f6vetelm\u00e9nyek<\/strong><\/p>\n<ol start=\"16\">\n<li style=\"text-align: center;\"><strong> \u00a7<\/strong><\/li>\n<\/ol>\n<ol>\n<li>A be\u00e9p\u00edt\u00e9s telep\u00edt\u00e9s m\u00f3dj\u00e1t a kialakult \u00e1llapothoz, a k\u00f6rnyezeti adotts\u00e1gokhoz igaz\u00edtottan \u2013 a helyi \u00e9p\u00edt\u00e9si szab\u00e1lyzat keretein bel\u00fcl \u2013 kell meghat\u00e1rozni<\/li>\n<li>A jellemz\u0151 szintsz\u00e1mot a k\u00f6rnyezeti adotts\u00e1gokhoz igaz\u00edtottan &#8211; a helyi \u00e9p\u00edt\u00e9si szab\u00e1lyzat keretein bel\u00fcl &#8211; kell meghat\u00e1rozni.<\/li>\n<li>A ker\u00edt\u00e9s kialak\u00edt\u00e1s\u00e1ra vonatkoz\u00f3 el\u0151\u00edr\u00e1s: amennyiben utcai ker\u00edt\u00e9s k\u00e9sz\u00fcl, abban az esetben \u00e1tt\u00f6rt ker\u00edt\u00e9st kell kialak\u00edtani legfeljebb 60 cm magas l\u00e1bazattal, maximum 2,5 m-es magass\u00e1ggal.<\/li>\n<\/ol>\n<ol start=\"15\">\n<li><strong> A be\u00e9p\u00edt\u00e9sre nem sz\u00e1nt \u00e9s a t\u00e1ji ter\u00fcletbe \u00e9kel\u0151d\u0151<\/strong><\/li>\n<\/ol>\n<p><strong>(\u00e1llattart\u00f3-, \u00fczemi-. mez\u0151gazdas\u00e1gi \u00fczemi, k\u00fcl\u00f6nleges, valamint tanya) telep\u00fcl\u00e9sk\u00e9p szempontj\u00e1b\u00f3l meghat\u00e1roz\u00f3 gazdas\u00e1gi ter\u00fcletekre vonatkoz\u00f3<\/strong><\/p>\n<p><strong>ter\u00fcleti \u00e9p\u00edt\u00e9szeti k\u00f6vetelm\u00e9nyek<\/strong><\/p>\n<ol start=\"17\">\n<li style=\"text-align: center;\"><strong> \u00a7<\/strong><\/li>\n<\/ol>\n<p>(1)\u00a0\u00a0\u00a0\u00a0 Az \u00e9p\u00fcletek, \u00e9p\u00edtm\u00e9nyek szabadon\u00e1ll\u00f3an helyezend\u0151k el, \u00f6ssze\u00e9p\u00edt\u00e9s\u00fck csak technol\u00f3gi\u00e1val igazolt m\u00f3don \u00e9s esetben t\u00f6rt\u00e9nhet.<\/p>\n<ol>\n<li>Ker\u00edt\u00e9s csak beton l\u00e1bazat n\u00e9lk\u00fcl \u00e9p\u00edthet\u0151.<\/li>\n<\/ol>\n<ol>\n<li><\/li>\n<\/ol>\n<ol start=\"16\">\n<li><strong> Belter\u00fcleten a be\u00e9p\u00edt\u00e9sre sz\u00e1nt <\/strong><\/li>\n<\/ol>\n<p><strong>telep\u00fcl\u00e9sk\u00e9pi szempontb\u00f3l meghat\u00e1roz\u00f3 ter\u00fcletekre vonatkoz\u00f3 <\/strong><\/p>\n<p><strong>egyedi \u00e9p\u00edt\u00e9szeti k\u00f6vetelm\u00e9nyek<\/strong><\/p>\n<ol start=\"18\">\n<li style=\"text-align: center;\"><strong> \u00a7<\/strong><\/li>\n<\/ol>\n<p>(1)\u00a0\u00a0\u00a0\u00a0 Az \u00e9p\u00fclet sz\u00e9less\u00e9g\u00e9nek, hosszanti m\u00e9ret\u00e9nek, ar\u00e1nyainak megv\u00e1laszt\u00e1sa a k\u00f6rnyezet kialakult \u00e1llapot\u00e1hoz igazodjon.<\/p>\n<p>(2)\u00a0\u00a0\u00a0\u00a0 Az \u00e9p\u00edt\u00e9ssel \u00e9rintett telken tervezett \u00e9p\u00edt\u00e9si tev\u00e9kenys\u00e9g a telep\u00fcl\u00e9sk\u00e9pbe illeszt\u00e9s biztos\u00edt\u00e1s\u00e1hoz igazodjon a k\u00f6rnyezet\u00e9ben l\u00e9v\u0151:<\/p>\n<ol>\n<li><\/li>\n<\/ol>\n<ol>\n<li>b) kialakult p\u00e1rk\u00e1nymagass\u00e1gokhoz,<\/li>\n<li>c) tet\u0151fel\u00e9p\u00edtm\u00e9nyek jelleg\u00e9hez, ar\u00e1nyaihoz,<\/li>\n<li>d) homlokzati- \u00e9s t\u00f6megar\u00e1nyokhoz, tet\u0151hajl\u00e1ssz\u00f6gh\u00f6z, anyaghaszn\u00e1lathoz.<\/li>\n<\/ol>\n<ol>\n<li>A k\u00f6rnyezethez val\u00f3 illeszked\u00e9s hat\u00e1rozza meg az egyedi homlokzatkialak\u00edt\u00e1s m\u00f3dj\u00e1t. Ebb\u0151l k\u00f6vetkez\u0151en:<\/li>\n<\/ol>\n<ul>\n<li>az illeszked\u00e9s \u00e9rdek\u00e9ben a telep\u00fcl\u00e9sr\u00e9szen jellemz\u0151 homlokzati ny\u00edl\u00e1sok ar\u00e1nyrendszere, teljes homlokzati fel\u00fclethez val\u00f3 ar\u00e1nya, a homlokzati d\u00edsz\u00edt\u0151 elemek \u00e9s tagozatok, tov\u00e1bb\u00e1 sz\u00ednez\u00e9s veend\u0151 figyelembe,<\/li>\n<li>a tet\u0151szerkezet kialak\u00edt\u00e1sa, hajl\u00e1ssz\u00f6ge, a tet\u0151gerinc magass\u00e1ga, tet\u0151fel\u00e9p\u00edtm\u00e9nye, anyaghaszn\u00e1lata, annak sz\u00ednhaszn\u00e1lata a k\u00f6rnyezet adotts\u00e1gaihoz illeszkedjen, ak\u00e1r l\u00e9pcs\u0151zetes magass\u00e1gok alkalmaz\u00e1s\u00e1val is,<\/li>\n<li>az \u00e9p\u00fclet-ornamentika (d\u00edsz\u00edt\u0151elemek), anyaghaszn\u00e1lat, homlokzati fel\u00fcleti megjelen\u00e9s tekintet\u00e9ben az \u00e9p\u00fclethez legyen ar\u00e1nyos, illetve illeszked\u0151 a k\u00f6rnyezet\u00e9hez.<\/li>\n<\/ul>\n<ol start=\"19\">\n<li><strong> \u00a7<\/strong><\/li>\n<\/ol>\n<ol>\n<li>Az \u00e9p\u00edtm\u00e9nyek elhelyez\u00e9s\u00e9n\u00e9l biztos\u00edtani kell a lehet\u0151 legnagyobb \u00f6sszef\u00fcgg\u0151 z\u00f6ldfel\u00fclet kialak\u00edt\u00e1s\u00e1t:<\/li>\n<\/ol>\n<ul>\n<li>az \u00e9p\u00fclet telken t\u00f6rt\u00e9n\u0151 kialakult telep\u00edt\u00e9st\u0151l nem elt\u00e9r\u0151 telep\u00edt\u00e9s\u00e9vel,<\/li>\n<li>a t\u00e1j- \u00e9s a term\u0151helyi adotts\u00e1goknak megfelel\u0151 \u0151shonos f\u00e1ssz\u00e1r\u00fa n\u00f6v\u00e9nyek telep\u00edt\u00e9s\u00e9vel.<\/li>\n<\/ul>\n<ol>\n<li>A z\u00f6ldfel\u00fclet kialak\u00edt\u00e1sa sor\u00e1n<\/li>\n<\/ol>\n<ul>\n<li>nem \u00fcltethet\u0151: ak\u00e1c, gyalogak\u00e1c, z\u00f6ld juhar, sz\u00fcrke ny\u00e1r \u00e9s kanadai ny\u00e1r fafajok,<\/li>\n<li>a telekhat\u00e1r ment\u00e9n nem telep\u00edthet\u0151 f\u00e1s sz\u00e1r\u00fa n\u00f6v\u00e9nyzet \u00fagy, hogy az a szomsz\u00e9dos telek haszn\u00e1lat\u00e1t korl\u00e1tozza \u00e9s ezzel sz\u00fcks\u00e9gtelen zavar\u00e1st okozzon.<\/li>\n<li>amennyiben k\u00f6zc\u00e9l\u00fa \u00e9p\u00fclet elhelyez\u00e9s t\u00f6rt\u00e9nik, \u00fagy az \u00e9p\u00fclet \u2013 a helyi \u00e9p\u00edt\u00e9si szab\u00e1lyzat keretein bel\u00fcl &#8211; m\u00e9lyebb el\u0151kerttel is telep\u00edthet\u0151, ha az \u00edgy kialak\u00edtott megn\u00f6vekedett el\u0151kertet k\u00f6zkertk\u00e9nt alak\u00edtj\u00e1k ki \u00e9s azt megnyitj\u00e1k k\u00f6zhaszn\u00e1latra. Ett\u0151l elt\u00e9r\u0151en nem lehet m\u00e9lyebb az el\u0151kert.<\/li>\n<\/ul>\n<ol>\n<li>\u00c9p\u00fcleten, \u00e9p\u00edtm\u00e9nyen, el\u0151kertbe az energiafogyaszt\u00e1st m\u00e9r\u0151 berendez\u00e9sek takar\u00e1s n\u00e9lk\u00fcl nem helyezhet\u0151k el.<\/li>\n<\/ol>\n<ol>\n<li>\u00c9p\u00fcleteken \u00fajonnan parapet konvektor, vagy kl\u00edmaberendez\u00e9s k\u00f6zter\u00fcletr\u0151l is l\u00e1that\u00f3 k\u00fclt\u00e9ri egys\u00e9ge nem helyezhet\u0151 el.<\/li>\n<li>\u00c9p\u00fcleteken l\u00e1tv\u00e1nyt zavar\u00f3 antenna, h\u00edrk\u00f6zl\u00e9si egys\u00e9g nem helyezhet\u0151 el.<\/li>\n<li>A bej\u00e1rati el\u0151l\u00e9pcs\u0151, az akad\u00e1lymentes\u00edt\u00e9sre szolg\u00e1l\u00f3 \u00e9p\u00edtm\u00e9nyt (r\u00e1mp\u00e1t \u00e9s elemeit), k\u00f6zter\u00fcletbe ny\u00fal\u00f3 \u00e9p\u00fcletr\u00e9szt \u00e9s az utcai ker\u00edt\u00e9st nem lehet \u00fagy kialak\u00edtani, hogy az a kapcsol\u00f3d\u00f3 k\u00f6zter\u00fclet funkcion\u00e1lis haszn\u00e1lat\u00e1t akad\u00e1lyozza, \u00e9s ne igazodjon annak haszn\u00e1lat\u00e1hoz.<\/li>\n<\/ol>\n<ol start=\"20\">\n<li style=\"text-align: center;\"><strong> \u00a7<\/strong><\/li>\n<\/ol>\n<p>(1)\u00a0\u00a0\u00a0\u00a0 Magastet\u0151s \u00e9p\u00fcleten utcak\u00e9pben megjelen\u0151 s\u00edkt\u00e1bl\u00e1s napelem, napkollektor a ferde tet\u0151s\u00edkt\u00f3l elt\u00e9r\u0151 hajl\u00e1ssz\u00f6gben nem helyezhet\u0151 el. Lapostet\u0151s \u00e9p\u00fcleten utcak\u00e9pben megjelen\u0151 s\u00edkt\u00e1bl\u00e1s napelem, napkollektor takar\u00e1s n\u00e9lk\u00fcl nem helyezhet\u0151 el.<\/p>\n<ol>\n<li>Kl\u00edmaberendez\u00e9s k\u00fclt\u00e9ri egys\u00e9g\u00e9t az \u00e9p\u00fcleten \u00f6sszerendezetten, \u00e9p\u00edt\u00e9szeti eszk\u00f6z\u00f6kkel takartan vagy k\u00f6zter\u00fcletr\u0151l nem l\u00e1that\u00f3 m\u00f3don, az \u00e9p\u00fclet al\u00e1rendelt (k\u00f6zter\u00fcletr\u0151l nem l\u00e1that\u00f3) homlokzat\u00e1ra kell telep\u00edteni.<\/li>\n<\/ol>\n<ol start=\"17\">\n<li><strong> A be\u00e9p\u00edt\u00e9sre nem sz\u00e1nt \u00e9s a t\u00e1ji ter\u00fcletbe \u00e9kel\u0151d\u0151<\/strong><\/li>\n<\/ol>\n<p><strong>(\u00e1llattart\u00f3-, \u00fczemi-, mez\u0151gazdas\u00e1gi \u00fczemi, korl\u00e1tozott haszn\u00e1lat\u00fa mez\u0151gazdas\u00e1gi ter\u00fclet, k\u00fcl\u00f6nleges, valamint tanya) telep\u00fcl\u00e9sk\u00e9p szempontj\u00e1b\u00f3l meghat\u00e1roz\u00f3 gazdas\u00e1gi ter\u00fcletekre vonatkoz\u00f3<\/strong><\/p>\n<p><strong>egyedi \u00e9p\u00edt\u00e9szeti k\u00f6vetelm\u00e9nyek<\/strong><\/p>\n<ol start=\"21\">\n<li style=\"text-align: center;\"><strong> \u00a7 <\/strong><\/li>\n<\/ol>\n<ol>\n<li>Az \u00fajonnan kialak\u00edt\u00e1sra ker\u00fcl\u0151 termel\u0151, t\u00e1rol\u00f3 \u00e9s \u00e1llattart\u00f3 \u00e9p\u00fcleteket hossz\u00fak\u00e1san ny\u00fajtott t\u00f6meggel, magastet\u0151s kialak\u00edt\u00e1ssal kell kialak\u00edtani. Ett\u0151l val\u00f3 elt\u00e9r\u00e9s csak technol\u00f3gi\u00e1val igazolt m\u00f3don \u00e9s esetben t\u00f6rt\u00e9nhet.<\/li>\n<li>Az ipari funkci\u00f3j\u00fa \u00e9p\u00fcletek eset\u00e9n az egyszer\u0171 ipari form\u00e1k alkalmaz\u00e1sa az els\u0151dleges, ezen bel\u00fcl a nagy feszt\u00e1v\u00fa ipari csarnokszerkezet, a f\u00e9lnyeregtet\u0151s \u00e9s lapostet\u0151s kialak\u00edt\u00e1s\u00fa egyedi szerkezet is \u00e9p\u00edthet\u0151.<\/li>\n<li>Szoci\u00e1lis \u00e9s iroda \u00e9p\u00fcletek modern \u00e9p\u00edt\u00e9szeti anyag \u00e9s t\u00f6megkialak\u00edt\u00e1ssal is \u00e9p\u00edthet\u0151k. A t\u00fals\u00e1gosan t\u00f6rdelt \u00e9s manz\u00e1rd tet\u0151 kialak\u00edt\u00e1s nem lehets\u00e9ges.<\/li>\n<li>A telepeken a sz\u00e9lv\u00e9delem \u00e9s a t\u00e1ji l\u00e1tv\u00e1nyv\u00e9delem biztos\u00edt\u00e1sa \u00e9rdek\u00e9ben intenz\u00edv f\u00e1s\u00edt\u00e1s sz\u00fcks\u00e9ges.<\/li>\n<li>T\u00e1jk\u00e9pet zavar\u00f3 \u00e9p\u00edtm\u00e9nynek sz\u00e1m\u00edtanak, ez\u00e9rt itt nem helyezhet\u0151k el azok az \u00e9p\u00edtm\u00e9nyek, melyek a t\u00e1j jelleg\u00e9hez k\u00e9pest er\u0151sen modern, technokrata karakter\u0171ek.<\/li>\n<li>Az \u00e9p\u00fcletek homlokzata vil\u00e1gos, pasztellsz\u00ednez\u00e9s\u0171ek lehetnek. T\u00e1jidegen sz\u00ednez\u00e9snek min\u0151s\u00fclnek a rik\u00edt\u00f3 sz\u00ednek.<\/li>\n<\/ol>\n<ol start=\"22\">\n<li style=\"text-align: center;\"><strong> \u00a7<\/strong><\/li>\n<\/ol>\n<ol>\n<li><\/li>\n<\/ol>\n<p>(2)\u00a0\u00a0\u00a0\u00a0 Kl\u00edmaberendez\u00e9s k\u00fclt\u00e9ri egys\u00e9g\u00e9t az \u00e9p\u00fcleten \u00f6sszerendezetten, \u00e9p\u00edt\u00e9szeti eszk\u00f6z\u00f6kkel takartan vagy k\u00f6zter\u00fcletr\u0151l nem l\u00e1that\u00f3 m\u00f3don, az \u00e9p\u00fclet al\u00e1rendelt (k\u00f6zter\u00fcletr\u0151l nem l\u00e1that\u00f3) homlokzat\u00e1ra kell telep\u00edteni.<\/p>\n<ol start=\"18\">\n<li><strong> A helyi v\u00e9delemben r\u00e9szes\u00fcl\u0151 <\/strong><\/li>\n<\/ol>\n<p><strong>elemekre vonatkoz\u00f3 <\/strong><\/p>\n<p><strong>\u00e9p\u00edt\u00e9szeti k\u00f6vetelm\u00e9nyek<\/strong><\/p>\n<ol start=\"23\">\n<li style=\"text-align: center;\"><strong> \u00a7<\/strong><\/li>\n<\/ol>\n<ol>\n<li>A helyi v\u00e9dett \u00e9rt\u00e9kek k\u00f6r\u00e9t a rendelet 2. mell\u00e9klete tartalmazza.<\/li>\n<li>Amennyiben a helyi v\u00e9dett \u00e9rt\u00e9k magasabb szint\u0171 jogszab\u00e1ly alapj\u00e1n orsz\u00e1gos v\u00e9delemre ker\u00fcl, azt az \u00e9rt\u00e9ket a rendelet 2. mell\u00e9klet\u00e9b\u0151l t\u00f6r\u00f6lni kell.<\/li>\n<li>Helyi v\u00e9dett \u00e9rt\u00e9k fel\u00faj\u00edt\u00e1sa eset\u00e9n a v\u00e9dett \u00e9rt\u00e9k m\u00e9lt\u00f3 telep\u00fcl\u00e9sk\u00e9pi, illetve t\u00e1jk\u00e9pi megjelen\u00e9s\u00e9nek biztos\u00edt\u00e1sa \u00e9rdek\u00e9ben a hagyom\u00e1nyos \u00f6r\u00f6ks\u00e9get k\u00e9pvisel\u0151 m\u0171szaki megold\u00e1sok \u00e9s \u00e9p\u00edt\u0151anyagok els\u0151dlegess\u00e9g\u00e9t biztos\u00edtani kell, az \u00e9p\u00fclet fel\u00faj\u00edt\u00e1s \u00e9s a k\u00fcls\u0151 t\u00e9rhaszn\u00e1lat (udvar) eset\u00e9n is.<\/li>\n<\/ol>\n<ol start=\"19\">\n<li><strong> A helyi egyedi v\u00e9delemben r\u00e9szes\u00fcl\u0151<\/strong><\/li>\n<\/ol>\n<p><strong>\u00e9rt\u00e9kekre vonatkoz\u00f3<\/strong><\/p>\n<p><strong>egyedi \u00e9p\u00edt\u00e9szeti k\u00f6vetelm\u00e9nyek<\/strong><\/p>\n<ol start=\"24\">\n<li style=\"text-align: center;\"><strong> \u00a7<\/strong><\/li>\n<\/ol>\n<p>(1)\u00a0\u00a0\u00a0\u00a0 A helyi egyedi v\u00e9dett \u00e9p\u00fclet fel\u00faj\u00edt\u00e1sa, \u00e1talak\u00edt\u00e1sa, b\u0151v\u00edt\u00e9se, korszer\u0171s\u00edt\u00e9se sor\u00e1n meg kell \u0151rizni az \u00e9p\u00fclet:<\/p>\n<ol>\n<li>a) t\u00f6megform\u00e1j\u00e1t, t\u00f6megar\u00e1nyait,<\/li>\n<li>b) tet\u0151form\u00e1j\u00e1t, tet\u0151fel\u00e9p\u00edtm\u00e9nyeit,<\/li>\n<li>c) homlokzati tagozatait,<\/li>\n<li>d) \u00a0\u00a0\u00a0\u00a0\u00a0\u00a0\u00a0\u00a0\u00a0 homlokzati d\u00edsz\u00edt\u0151elemeit,<\/li>\n<li>e) ny\u00edl\u00e1srendj\u00e9t, ny\u00edl\u00e1soszt\u00e1s\u00e1t \u00e9s ny\u00edl\u00e1sm\u00e9reteit,<\/li>\n<li>f) ny\u00edl\u00e1sz\u00e1r\u00f3inak, falfel\u00fclet\u00e9nek, l\u00e1bazat\u00e1nak, tet\u0151fed\u00e9s\u00e9nek anyaghaszn\u00e1lat\u00e1t.<\/li>\n<\/ol>\n<p>(2)\u00a0\u00a0\u00a0\u00a0 Az eredeti \u00e1llapot szerinti \u00e9p\u00fclettartoz\u00e9kok (k\u00fcl\u00f6n\u00f6sen: r\u00e1cs, vasalat, vil\u00e1g\u00edt\u00f3test, korl\u00e1t, ker\u00edt\u00e9s) helyettes\u00edthet\u0151k.<\/p>\n<p>(3)\u00a0\u00a0\u00a0\u00a0 A helyi v\u00e9dett \u00e9p\u00fclet homlokzati sz\u00ednez\u00e9s\u00e9n\u00e9l a k\u00f6rnyezet\u00e9be illeszked\u0151 sz\u00ednez\u00e9st, vagy ha fellelhet\u0151 az eredeti sz\u00ednt kell els\u0151sorban alkalmazni. Ker\u00fclni kell a rik\u00edt\u00f3 sz\u00edneket \u00e9s a t\u00falzott kontrasztokat.<\/p>\n<p>(4)\u00a0\u00a0\u00a0\u00a0 A helyi egyedi v\u00e9dett \u00e9p\u00fcleteket b\u0151v\u00edteni oly m\u00f3don lehet, hogy a b\u0151v\u00edt\u00e9snek a v\u00e9dett \u00e9p\u00fclet eredeti \u00e1llapot\u00e1nak formai megjelen\u00e9s\u00e9vel, szerkezet\u00e9vel, anyagaival \u00f6sszhangban kell lennie.<\/p>\n<p>(5) \u00a0\u00a0\u00a0 A helyi egyedi v\u00e9dett \u00e9p\u00fcleteket bels\u0151 korszer\u0171s\u00edt\u00e9se, bels\u0151 \u00e1talak\u00edt\u00e1sa, tet\u0151ter\u00e9nek be\u00e9p\u00edt\u00e9se a v\u00e9dett \u00e9rt\u00e9kek meg\u0151rz\u00e9s\u00e9t szolg\u00e1l\u00f3 szab\u00e1lyok betart\u00e1sa mellett megengedett.<\/p>\n<p>(6)\u00a0\u00a0\u00a0\u00a0 A helyi egyedi v\u00e9dett \u00e9p\u00fcletek k\u00f6zter\u00fcletr\u0151l l\u00e1that\u00f3 homlokzat\u00e1n \u00e9p\u00fcletg\u00e9p\u00e9szeti berendez\u00e9sek, azok tartoz\u00e9kai nem, hirdet\u00e9s \u00e9s rekl\u00e1m csak a rendeltet\u00e9s\u00e9vel \u00f6sszef\u00fcgg\u0151en helyezhet\u0151 el.<\/p>\n<p><strong>20.Egyes saj\u00e1tos \u00e9p\u00edtm\u00e9nyek, m\u0171t\u00e1rgyak elhelyez\u00e9se<\/strong><\/p>\n<ol start=\"25\">\n<li style=\"text-align: center;\"><strong> \u00a7<\/strong><\/li>\n<\/ol>\n<ol>\n<li>Az 1. mell\u00e9klet tartalmazza a saj\u00e1tos \u00e9p\u00edtm\u00e9nyek elhelyez\u00e9s\u00e9re nem alkalmas ter\u00fcletek lehat\u00e1rol\u00e1s\u00e1t.<\/li>\n<li>H\u00edrk\u00f6zl\u00e9si ad\u00f3tornyok csak k\u00fclter\u00fcleten helyezhet\u0151k el \u00fagy, hogy az elhelyezett antennatart\u00f3 szerkezet (torony) \u00e9s a lak\u00f3ter\u00fclet k\u00f6z\u00f6tt legal\u00e1bb 100 m\u00e9ter t\u00e1vols\u00e1gnak kell lennie.<\/li>\n<li>A felsz\u00edni energiaell\u00e1t\u00e1s nyomvonalas \u00e9p\u00edtm\u00e9nyei elhelyez\u00e9s\u00e9re a telep\u00fcl\u00e9s teljes igazgat\u00e1si ter\u00fclete alkalmas.<\/li>\n<li>Ahol vezet\u00e9kes h\u00e1l\u00f3zat megengedett, ott \u00faj vezet\u00e9k f\u00f6ldk\u00e1belben vagy megl\u00e9v\u0151 oszlopsoron vezethet\u0151, \u00faj oszlopsor nem \u00e9p\u00edthet\u0151.<\/li>\n<li>A telep\u00fcl\u00e9sk\u00e9p szempontj\u00e1b\u00f3l meghat\u00e1roz\u00f3 ter\u00fcleten a telep\u00fcl\u00e9s ell\u00e1t\u00e1s\u00e1hoz sz\u00fcks\u00e9ges k\u00f6zm\u0171 m\u0171t\u00e1rgyak (transzform\u00e1tor, kapcsol\u00f3szekr\u00e9ny, eloszt\u00f3szekr\u00e9ny, g\u00e1znyom\u00e1s-szab\u00e1lyoz\u00f3 stb.) takartan, k\u00f6zter\u00fcleti l\u00e1tv\u00e1ny\u00e1ban kedvez\u0151 megjelen\u00e9ssel helyezend\u0151 el.<\/li>\n<\/ol>\n<ol start=\"26\">\n<li style=\"text-align: center;\"><strong> \u00a7<\/strong><\/li>\n<\/ol>\n<p>Term\u00e9szetv\u00e9delemmel, m\u0171eml\u00e9kkel \u00e9s annak szomsz\u00e9dos 1-1 telk\u00e9vel \u00e9rintett ter\u00fcleteken<\/p>\n<ol>\n<li>a) amennyiben m\u0171szakilag lehets\u00e9ges, az energiaell\u00e1t\u00e1st f\u00f6ldk\u00e1bellel kell biztos\u00edtani<\/li>\n<li>b) rekl\u00e1mhordoz\u00f3 berendez\u00e9sek nem helyezhet\u0151k el.<\/li>\n<li>c) k\u00fclt\u00e9ri vil\u00e1g\u00edt\u00e1s kialak\u00edt\u00e1sa csak biztons\u00e1gi szempontok (k\u00fcl\u00f6n\u00f6sen \u00e9let- vagyonv\u00e9delem) eset\u00e9n, teljesen erny\u0151z\u00f6tt, s\u00edkbur\u00e1s vil\u00e1g\u00edt\u00f3 eszk\u00f6zzel lehets\u00e9ges.<\/li>\n<\/ol>\n<ol start=\"21\">\n<li><strong> A rekl\u00e1mhordoz\u00f3kra vonatkoz\u00f3 telep\u00fcl\u00e9sk\u00e9pi k\u00f6vetelm\u00e9nyek<\/strong><\/li>\n<\/ol>\n<p><strong>21\/A. Rekl\u00e1m k\u00f6zz\u00e9t\u00e9tel\u00e9re \u00e9s rekl\u00e1mhordoz\u00f3k, rekl\u00e1mhordoz\u00f3t tart\u00f3 berendez\u00e9sek elhelyez\u00e9s\u00e9vel \u00e9rintett ter\u00fcleti besorol\u00e1sok szab\u00e1lyai<\/strong><\/p>\n<ol start=\"27\">\n<li style=\"text-align: center;\"><strong> \u00a7<\/strong><\/li>\n<\/ol>\n<ol>\n<li>A telep\u00fcl\u00e9sen megl\u00e9v\u0151 konkr\u00e9t ter\u00fcleti besorol\u00e1sokat a H\u00c9SZ \u00e9s szab\u00e1lyoz\u00e1si terven kell beazonos\u00edtani.<\/li>\n<li>K\u00f6zter\u00fcleteken \u00e9s k\u00f6ztulajdonban \u00e1ll\u00f3 ingatlanok eset\u00e9n rekl\u00e1m k\u00f6zz\u00e9t\u00e9tele \u00e9s rekl\u00e1mhordoz\u00f3, rekl\u00e1mhordoz\u00f3t tart\u00f3 berendez\u00e9sek elhelyez\u00e9se<\/li>\n<\/ol>\n<ul>\n<li>a be\u00e9p\u00edt\u00e9sre sz\u00e1nt ter\u00fcleten bel\u00fcl csak a vegyes \u00e9s lak\u00f3ter\u00fcleteken kiz\u00e1r\u00f3lag utcab\u00fator ig\u00e9nybev\u00e9tel eset\u00e9n lehets\u00e9ges,<\/li>\n<li>a be\u00e9p\u00edt\u00e9sre nem sz\u00e1nt ter\u00fcleteken nem megengedett.\n<ol>\n<li>Mag\u00e1nter\u00fcleten rekl\u00e1m k\u00f6zz\u00e9t\u00e9tele \u00e9s rekl\u00e1mhordoz\u00f3, rekl\u00e1mhordoz\u00f3t tart\u00f3 berendez\u00e9sek elhelyez\u00e9se<\/li>\n<\/ol>\n<\/li>\n<\/ul>\n<ul>\n<li>be\u00e9p\u00edt\u00e9sre sz\u00e1nt ter\u00fcleten bel\u00fcl az \u00d6nkorm\u00e1nyzati ingatlanok ter\u00fclet\u00e9t kiv\u00e9ve nem megengedett.<\/li>\n<li>be\u00e9p\u00edt\u00e9sre nem sz\u00e1nt ter\u00fcleteken nem megengedett.<\/li>\n<\/ul>\n<p><strong>21\/B. Telep\u00fcl\u00e9sk\u00e9pi szempontb\u00f3l meghat\u00e1roz\u00f3 \u00e9s az egy\u00e9b besorol\u00e1s\u00fa ter\u00fcletek<\/strong><\/p>\n<ol start=\"28\">\n<li style=\"text-align: center;\"><strong> \u00a7<\/strong><\/li>\n<\/ol>\n<ol>\n<li>A telep\u00fcl\u00e9sk\u00e9p szempontj\u00e1b\u00f3l meghat\u00e1roz\u00f3 \u00e9s az egy\u00e9b besorol\u00e1s\u00fa ter\u00fcleteket az 1. mell\u00e9klet szerint kell beazonos\u00edtani. Telep\u00fcl\u00e9sk\u00e9pi szempontb\u00f3l meghat\u00e1roz\u00f3 ter\u00fclet az al\u00e1bbi:\n<ul>\n<li>Telep\u00fcl\u00e9sk\u00f6zpont<\/li>\n<li>Be\u00e9p\u00edt\u00e9sre nem sz\u00e1nt ter\u00fclet<\/li>\n<\/ul>\n<\/li>\n<li>Az \u00e9p\u00fcletek homlokzatain elhelyezhet\u0151 c\u00e9g\u00e9reket, c\u00e9g- \u00e9s c\u00edmt\u00e1bl\u00e1kat napv\u00e9d\u0151 ponyv\u00e1kat, v\u00e1llalkoz\u00e1st n\u00e9pszer\u0171s\u00edt\u0151 feliratot, rekl\u00e1mz\u00e1szl\u00f3t \u00e9s \u00fczlet feliratokat egyedi t\u00e1j\u00e9koztat\u00f3 t\u00e1bl\u00e1kat \u00fagy kell kialak\u00edtani, hogy azok illeszkedjenek a homlokzatok megl\u00e9v\u0151, vagy tervezett v\u00edzszintes\u00e9s f\u00fcgg\u0151leges tagol\u00e1s\u00e1hoz, a ny\u00edl\u00e1sz\u00e1r\u00f3k kioszt\u00e1s\u00e1hoz, azok ritmus\u00e1hoz \u00fagy, hogy egy\u00fcttesen \u00f6sszhangban legyenek az \u00e9p\u00fclet \u00e9p\u00edt\u00e9szeti r\u00e9szletk\u00e9pz\u00e9s\u00e9vel, sz\u00ednez\u00e9s\u00e9vel, \u00e9p\u00edt\u00e9szeti hangs\u00falyaival. Ha c\u00e9g\u00e9rek, c\u00e9g- \u00e9s c\u00edmt\u00e1bl\u00e1k, valamint egyedi t\u00e1j\u00e9koztat\u00f3 t\u00e1bl\u00e1k ut\u00f3lagos elhelyez\u00e9s\u00e9n\u00e9l ez nem biztos\u00edthat\u00f3, akkor az ut\u00f3lagos elhelyez\u00e9s nem engedhet\u0151 meg.<\/li>\n<\/ol>\n<ol>\n<li>K\u00f6zter\u00fcletr\u0151l l\u00e1that\u00f3 \u00e9p\u00fcletek egy-egy homlokzat\u00e1nak 7%-\u00e1n\u00e1l nagyobb fel\u00fclet\u00e9n nem helyezhet\u0151 el c\u00e9g- \u00e9s c\u00edmt\u00e1bla, inform\u00e1ci\u00f3s vagy m\u00e1s c\u00e9l\u00fa berendez\u00e9s.<\/li>\n<li>Inform\u00e1ci\u00f3s vagy m\u00e1s c\u00e9l\u00fa berendez\u00e9s, amennyiben rekl\u00e1mot is tartalmaz a mag\u00e1nter\u00fcleten nem helyezhet\u0151 el.<\/li>\n<li>K\u00f6zvil\u00e1g\u00edt\u00e1si berendez\u00e9sen, egy\u00e9b k\u00f6zm\u0171berendez\u00e9sen, h\u00edrk\u00f6zl\u00e9si oszlopon rekl\u00e1m c\u00e9l\u00fa fel\u00fclet nem helyezhet\u0151 el.<\/li>\n<li>\u00d6nkorm\u00e1nyzati inform\u00e1ci\u00f3s t\u00e1bla \u00e9s egyedi mobil t\u00e1j\u00e9koztat\u00f3 t\u00e1bla, oszlop tart\u00f3szerkezet\u0171 (m\u00e1sn\u00e9ven: \u201el\u00e1bon\u00e1ll\u00f3\u201d) t\u00e1bla, tov\u00e1bb\u00e1 egyedi t\u00e1j\u00e9koztat\u00f3 t\u00e1bla \u00e9s transzparens k\u00f6zter\u00fcleten a k\u00f6zleked\u00e9st nem zavar\u00f3 m\u00f3don helyezhet\u0151 el.<\/li>\n<\/ol>\n<ol start=\"29\">\n<li style=\"text-align: center;\"><strong> \u00a7<\/strong><\/li>\n<\/ol>\n<ol>\n<li>\u00dczletenk\u00e9nt legfeljebb k\u00e9t c\u00e9gt\u00e1bla \u00e9s egy darab c\u00e9g\u00e9r helyezhet\u0151 el. Saroktelek eset\u00e9n k\u00e9t k\u00f6zter\u00fclet ir\u00e1ny\u00e1ba elhelyezhet\u0151 legfeljebb k\u00e9t-k\u00e9t c\u00e9gt\u00e1bla \u00e9s legfeljebb 1-1 db c\u00e9g\u00e9r.<\/li>\n<li>\u00dczletfelirat hossza legfeljebb 3,0 m, magass\u00e1ga 1,0 m, vastags\u00e1ga 15 cm lehet.<\/li>\n<li>Totemoszlop csak \u00fczemanyag t\u00f6lt\u0151 \u00e1llom\u00e1son \u00e9s 300 m<sup>2<\/sup>-n\u00e9l nagyobb ipari-, kereskedelmi- \u00e9s szolg\u00e1ltat\u00f3 egys\u00e9gek eset\u00e9n lehet elhelyezni. Rekl\u00e1m pilon elhelyez\u00e9s\u00e9re nincs korl\u00e1t.<\/li>\n<li><\/li>\n<\/ol>\n<p><strong>21\/C. Telep\u00fcl\u00e9sk\u00f6zpont telep\u00fcl\u00e9sr\u00e9szre vonatkoz\u00f3 kieg\u00e9sz\u00edt\u0151 el\u0151\u00edr\u00e1sok<\/strong><\/p>\n<ol start=\"30\">\n<li style=\"text-align: center;\"><strong> \u00a7<\/strong><\/li>\n<\/ol>\n<ol>\n<li>Tet\u0151fel\u00fcletre c\u00e9g\u00e9r nem helyezhet\u0151 el.<\/li>\n<li>\u00c9p\u00fcletek homlokzataira ker\u00fcl\u0151 c\u00e9g- \u00e9s c\u00edmt\u00e1bla, inform\u00e1ci\u00f3s vagy m\u00e1s c\u00e9l\u00fa berendez\u00e9s \u00e9p\u00fcletd\u00edsz\u00edt\u0151 tagozatot nem takarhat el.<\/li>\n<li>\u00dczlethelyis\u00e9genk\u00e9nt legfeljebb k\u00e9t egyedi t\u00e1j\u00e9koztat\u00f3 mobil t\u00e1bla helyezhet\u0151 el a k\u00f6zter\u00fcleten, legfeljebb 75\/150 cm m\u00e9ret\u0171 kialak\u00edt\u00e1ssal, a gyalogosforgalmat nem akad\u00e1lyoz\u00f3 m\u00f3don.<\/li>\n<\/ol>\n<p><strong>21\/D. Rekl\u00e1mhordoz\u00f3kra vonatkoz\u00f3 k\u00f6vetelm\u00e9nyekt\u0151l val\u00f3 elt\u00e9r\u00e9s szab\u00e1lyai<\/strong><\/p>\n<ol start=\"31\">\n<li style=\"text-align: center;\"><strong> \u00a7<\/strong><\/li>\n<\/ol>\n<p>(1)\u00a0\u00a0\u00a0\u00a0 A telep\u00fcl\u00e9s szempontj\u00e1b\u00f3l jelent\u0151s esem\u00e9nyr\u0151l val\u00f3 t\u00e1j\u00e9koztat\u00e1s \u00e9rdek\u00e9ben egy \u00e9vben \u00f6sszesen 12 napt\u00e1ri h\u00e9t id\u0151tartamra k\u00f6ztulajdonban \u00e1ll\u00f3 ingatlanon lak\u00f3- \u00e9s vegyes ter\u00fcleten nem, csak utcab\u00fator ig\u00e9nybev\u00e9tel\u00e9vel lehets\u00e9ges, m\u00edg a k\u00fcl\u00f6nleges- \u00e9s egy\u00e9b ter\u00fcleten utcab\u00fator ig\u00e9nybev\u00e9tel\u00e9vel lehets\u00e9ges.<\/p>\n<p>(2)\u00a0\u00a0\u00a0\u00a0 Be\u00e9p\u00edt\u00e9sre nem sz\u00e1nt ter\u00fcletek k\u00f6z\u00fcl k\u00f6zkertben \u00e9s k\u00f6zparkban \u00e9s egy\u00e9b ter\u00fcleten burkolt vagy f\u00e1s\u00edtott k\u00f6zt\u00e9ren utcab\u00fator ig\u00e9nybe v\u00e9tel\u00e9vel lehets\u00e9ges.<\/p>\n<p>(3)\u00a0\u00a0\u00a0\u00a0 \u00d6nkorm\u00e1nyzat \u00e1ltal t\u00e1mogatott rendezv\u00e9nyekr\u0151l t\u00e1j\u00e9koztat\u00e1s transzparensen vagy molin\u00f3n is lehets\u00e9ges.<\/p>\n<p>(4)\u00a0\u00a0\u00a0\u00a0 \u00c9p\u00edt\u00e9si rekl\u00e1mh\u00e1l\u00f3 kihelyez\u00e9se kiz\u00e1r\u00f3lag az \u00e9p\u00edt\u00e9si tev\u00e9kenys\u00e9g id\u0151tartam\u00e1ra megengedett amennyiben annak kihelyez\u00e9s\u00e9t a polg\u00e1rmestert\u0151l k\u00e9relmezt\u00e9k.<\/p>\n<ol start=\"22\">\n<li><strong> Egy\u00e9b m\u0171szaki berendez\u00e9sekre vonatkoz\u00f3 telep\u00fcl\u00e9sk\u00e9pi k\u00f6vetelm\u00e9nyek<\/strong><\/li>\n<li><strong> \u00a7<\/strong><\/li>\n<\/ol>\n<ol>\n<li>Rekl\u00e1mvil\u00e1g\u00edt\u00e1ssal, mag\u00e1n- \u00e9s k\u00f6zter\u00fcleti t\u00e9rvil\u00e1g\u00edt\u00e1ssal f\u00e9nyszennyez\u00e9st, k\u00e1pr\u00e1ztat\u00e1st, vak\u00edt\u00e1st, \u00e1rt\u00f3 f\u00e9nyhat\u00e1st okozni, \u00e9s ez \u00e1ltal a k\u00f6zleked\u00e9s biztons\u00e1g\u00e1t, az emberi eg\u00e9szs\u00e9get vesz\u00e9lyeztetni, az ingatlanbiztons\u00e1gos haszn\u00e1lat\u00e1t korl\u00e1tozni nem szabad. Az \u00e9p\u00fcletek homlokzatfel\u00fcletein \u00e9s tet\u0151zet\u00e9n csak \u00e1tt\u00f6rt \u00e9s vonalszer\u0171 f\u00e9nyfelirat helyezhet\u0151 el.<\/li>\n<li>K\u00fclt\u00e9ri vil\u00e1g\u00edt\u00f3 berendez\u00e9sek \u00fagy alak\u00edtand\u00f3k ki, hogy azok a f\u00e9nyt a talaj fel\u00e9 sug\u00e1rozz\u00e1k. Egy\u00e9b ferde megvil\u00e1g\u00edt\u00e1s\u00fa berendez\u00e9s csak \u00e9let \u00e9s vagyonbiztons\u00e1gi okb\u00f3l alak\u00edthat\u00f3 ki.<\/li>\n<li>Talajszintbe \u00e9p\u00edtett f\u00e9nyver\u0151 berendez\u00e9s csak akkor \u00e9p\u00edthet\u0151, ha annak f\u00e9nye a megvil\u00e1g\u00edtott \u00e9p\u00edtm\u00e9nyen teljes m\u00e9rt\u00e9kben elnyel\u0151dik.<\/li>\n<\/ol>\n<ol start=\"23\">\n<li><strong> Nyilv\u00e1ntartott m\u0171eml\u00e9ki \u00e9rt\u00e9kre vonatkoz\u00f3 <\/strong><\/li>\n<\/ol>\n<p><strong>kieg\u00e9sz\u00edt\u0151 telep\u00fcl\u00e9sk\u00e9pi k\u00f6vetelm\u00e9nyek<\/strong><\/p>\n<ol>\n<li><\/li>\n<\/ol>\n<ol>\n<li>Nyilv\u00e1ntartott m\u0171eml\u00e9ki \u00e9rt\u00e9kkel \u00e9rintett ingatlanon elhelyezhet\u0151 \u00faj \u00e9p\u00fcletek kialak\u00edt\u00e1sa igazodjon a v\u00e9dett \u00e9p\u00fclet, \u00e9p\u00fcletegy\u00fcttes eredeti strukt\u00far\u00e1j\u00e1ban bet\u00f6lt\u00f6tt poz\u00edci\u00f3j\u00e1hoz. Biztos\u00edtani kell a v\u00e9dett \u00e9p\u00fclet l\u00e1tv\u00e1ny\u00e1nak meg\u0151rz\u00e9s\u00e9t. A szerkezeti homlokzatk\u00e9pz\u00e9si, t\u00f6megk\u00e9pz\u00e9si ar\u00e1nyok, hangs\u00falyok nem tol\u00f3dhatnak el a v\u00e9dett \u00e9p\u00fclett\u0151l az \u00faj \u00e9p\u00fclet ir\u00e1ny\u00e1ba.<\/li>\n<li>Nyilv\u00e1ntartott m\u0171eml\u00e9ki \u00e9rt\u00e9k eset\u00e9n a v\u00e9dett \u00e9rt\u00e9k m\u00e9lt\u00f3 telep\u00fcl\u00e9sk\u00e9pi, illetve t\u00e1jk\u00e9pi megjelen\u00e9s\u00e9nek biztos\u00edt\u00e1sa \u00e9rdek\u00e9ben a hagyom\u00e1nyos, \u00e9p\u00edt\u00e9szeti \u00f6r\u00f6ks\u00e9get k\u00e9pvisel\u0151 m\u0171szaki megold\u00e1sok \u00e9s \u00e9p\u00edt\u0151anyagok els\u0151dlegess\u00e9g\u00e9t biztos\u00edtani kell.<\/li>\n<\/ol>\n<ol>\n<li><\/li>\n<\/ol>\n<ol>\n<li><strong> fejezet<\/strong><\/li>\n<\/ol>\n<p><strong>TELEP\u00dcL\u00c9SK\u00c9P-V\u00c9DELMI T\u00c1J\u00c9KOZTAT\u00c1S \u00c9S SZAKMAI KONZULT\u00c1CI\u00d3<\/strong><\/p>\n<h3>24. Rendelkez\u00e9s telep\u00fcl\u00e9sk\u00e9p-v\u00e9delmi t\u00e1j\u00e9koztat\u00e1sr\u00f3l \u00e9s<\/h3>\n<h3>szakmai konzult\u00e1ci\u00f3r\u00f3l<\/h3>\n<ol>\n<li><\/li>\n<\/ol>\n<ol>\n<li>A telep\u00fcl\u00e9sk\u00e9pi k\u00f6vetelm\u00e9nyekr\u0151l a f\u0151\u00e9p\u00edt\u00e9sz \u2013 alkalmaz\u00e1sa hi\u00e1ny\u00e1ban a polg\u00e1rmester \u2013 az \u00e9p\u00edt\u00e9ssel \u00e9rintett telken tervezett \u00e9p\u00edt\u00e9si munk\u00e1k v\u00e9gz\u00e9s\u00e9hez, k\u00e9relemre, szakmai konzult\u00e1ci\u00f3t \u00e9s ezen bel\u00fcl szakmai t\u00e1j\u00e9koztat\u00e1st biztos\u00edt.<\/li>\n<li>A szakmai konzult\u00e1ci\u00f3 ir\u00e1nti k\u00e9relmet a polg\u00e1rmester r\u00e9sz\u00e9re c\u00edmezve kell beny\u00fajtani. A k\u00e9relemnek tartalmaznia kell az \u00e9p\u00edttet\u0151 vagy k\u00e9relmez\u0151 nev\u00e9t, \u00e9s c\u00edm\u00e9t, telefonos el\u00e9rhet\u0151s\u00e9g\u00e9t, valamint a tervezett \u00e9p\u00edt\u00e9si tev\u00e9kenys\u00e9g hely\u00e9t, az \u00e9rintett telek helyrajzi sz\u00e1m\u00e1t, az \u00e9p\u00edt\u00e9si tev\u00e9kenys\u00e9g r\u00f6vid le\u00edr\u00e1s\u00e1t, az \u00e9p\u00edt\u00e9si munka jelleg\u00e9t\u0151l f\u00fcgg\u0151en indokolt esetben rajzi munkar\u00e9szek csatol\u00e1s\u00e1t.<\/li>\n<li>A szakmai konzult\u00e1ci\u00f3 sor\u00e1n a f\u0151\u00e9p\u00edt\u00e9sz \u2013 alkalmaz\u00e1sa hi\u00e1ny\u00e1ban a polg\u00e1rmester \u2013 javaslatot tesz a telep\u00fcl\u00e9sk\u00e9pi k\u00f6vetelm\u00e9nyek \u00e9rv\u00e9nyes\u00edt\u00e9se m\u00f3djaira.<\/li>\n<li>A szakmai konzult\u00e1ci\u00f3r\u00f3l eml\u00e9keztet\u0151 k\u00e9sz\u00fcl, melyben foglaltakat az \u00e9p\u00edt\u00e9s sor\u00e1n be kell tartani.<\/li>\n<\/ol>\n<ol>\n<li><strong> fejezet<\/strong><\/li>\n<\/ol>\n<p><strong>TELEP\u00dcL\u00c9SK\u00c9PI BEJELENT\u00c9SI ELJ\u00c1R\u00c1S<\/strong><\/p>\n<ol start=\"25\">\n<li><strong> A bejelent\u00e9si elj\u00e1r\u00e1s r\u00e9szletes szab\u00e1lyai<\/strong><\/li>\n<\/ol>\n<p style=\"text-align: center;\"><strong>35.\u00a7<\/strong><\/p>\n<p>A polg\u00e1rmester telep\u00fcl\u00e9sk\u00e9pi bejelent\u00e9si elj\u00e1r\u00e1st folytat le &#8211; nyilv\u00e1ntartott m\u0171eml\u00e9ki \u00e9rt\u00e9kek vagy m\u0171eml\u00e9ket \u00e9rint\u0151, az \u00f6r\u00f6ks\u00e9gv\u00e9delmi hat\u00f3s\u00e1ghoz t\u00f6rt\u00e9n\u0151 bejelent\u00e9shez vagy \u00f6r\u00f6ks\u00e9gv\u00e9delmi enged\u00e9lyhez k\u00f6t\u00f6tt tev\u00e9kenys\u00e9gek kiv\u00e9tel\u00e9vel \u2013 a telep\u00fcl\u00e9sk\u00e9p fokozottabb v\u00e9delme \u00e9rdek\u00e9ben a telep\u00fcl\u00e9s k\u00f6zigazgat\u00e1si ter\u00fclet\u00e9n lev\u0151 k\u00f6zter\u00fcleten, \u00e9s k\u00f6ztulajdonban \u00e1ll\u00f3 ingatlanokon, valamint k\u00f6zter\u00fcletnek nem min\u0151s\u00fcl\u0151 mag\u00e1nter\u00fcleten k\u00f6zter\u00fcletr\u0151l l\u00e1that\u00f3 esetekben rekl\u00e1m k\u00f6zz\u00e9t\u00e9tel\u00e9re, rekl\u00e1mhordoz\u00f3k, rekl\u00e1mhordoz\u00f3t tart\u00f3 berendez\u00e9sek elhelyez\u00e9s\u00e9hez.<\/p>\n<p style=\"text-align: center;\"><strong>36.\u00a7<\/strong><\/p>\n<ol>\n<li>A telep\u00fcl\u00e9sk\u00e9pi bejelent\u00e9si elj\u00e1r\u00e1s az \u00fcgyf\u00e9l \u00e1ltal a polg\u00e1rmesterhez beny\u00fajtott bejelent\u00e9sre indul, a bejelent\u00e9si k\u00e9relem nyomtatv\u00e1ny a rendelet 3. mell\u00e9klete. A bejelent\u00e9shez pap\u00edr alap\u00fa vagy a dokument\u00e1ci\u00f3t tartalmaz\u00f3 digit\u00e1lis adathordoz\u00f3t kell mell\u00e9kelni.<\/li>\n<\/ol>\n<p>A telep\u00fcl\u00e9sk\u00e9pi k\u00f6vetelm\u00e9nyeket igazol\u00f3 \u00e9p\u00edt\u00e9szeti-m\u0171szaki dokument\u00e1ci\u00f3nak \u2013 a bejelent\u00e9s t\u00e1rgy\u00e1t\u00f3l f\u00fcgg\u0151en \u2013 az al\u00e1bbiakat kell tartalmaznia:<\/p>\n<ul>\n<li>megl\u00e9v\u0151 \u00e1llapotr\u00f3l f\u00e9nyk\u00e9pfelv\u00e9telt,<\/li>\n<li>m\u0171szaki le\u00edr\u00e1st,<\/li>\n<li>a tervezett \u00e1llapot form\u00e1j\u00e1t, mennyis\u00e9g\u00e9t, m\u00e9ret\u00e9t \u00e9s technol\u00f3gi\u00e1j\u00e1t,<\/li>\n<li>a m\u0171szaki berendez\u00e9s \u00e1ltal ig\u00e9nybe vett helysz\u00ednt \u00e9s elhelyez\u00e9s\u00e9nek m\u00f3dj\u00e1t,<\/li>\n<li>elrendez\u00e9si rajzot,<\/li>\n<li>rekl\u00e1m elhelyez\u00e9s\u00e9nek hely\u00e9t\u0151l \u2013 amennyibe indokolt &#8211; sz\u00edntervet, k\u00f6rnyezetbe illesztett l\u00e1tv\u00e1nytervet.<\/li>\n<\/ul>\n<ol>\n<li><\/li>\n<\/ol>\n<ol>\n<li>A dokument\u00e1ci\u00f3 tartalm\u00e1t a polg\u00e1rmester ellen\u0151rzi. Amennyiben a beny\u00fajtott dokument\u00e1ci\u00f3 nem felel meg az (1) bekezd\u00e9sben meghat\u00e1rozott tartalmi k\u00f6vetelm\u00e9nyeknek, a polg\u00e1rmester a tervezett tev\u00e9kenys\u00e9get megtiltja.<\/li>\n<li>Amennyiben a beny\u00fajtott dokument\u00e1ci\u00f3 hi\u00e1nytalan, a polg\u00e1rmester felt\u00e9tellel vagy a n\u00e9lk\u00fcl tudom\u00e1sul veszi a bejelent\u00e9st, illetve megtiltja, ha az nem felel meg a k\u00f6vetelm\u00e9nyeknek vagy nem illeszkedik a telep\u00fcl\u00e9sk\u00e9pbe.<\/li>\n<li>A polg\u00e1rmester a d\u00f6nt\u00e9s\u00e9t a k\u00e9relem beny\u00fajt\u00e1s\u00e1t k\u00f6vet\u0151 15 napon bel\u00fcl hat\u00f3s\u00e1gi hat\u00e1rozatban hozza meg.<\/li>\n<li>A c\u00e9gjelz\u00e9sek, rekl\u00e1m- \u00e9s hirdet\u0151-berendez\u00e9sek eset\u00e9ben az igazol\u00e1s id\u0151tartama 3 \u00e9v, egy\u00e9b esetekben az igazol\u00e1s hat\u00e1rozatlan id\u0151tartamra sz\u00f3l. A bejelent\u00e9st\u0151l sz\u00e1m\u00edtott 1 \u00e9ven bel\u00fcl kell megkezdeni a tev\u00e9kenys\u00e9get, ellenkez\u0151 esetben ism\u00e9telten be kell jelenteni.<\/li>\n<li>Amennyiben a telep\u00fcl\u00e9sk\u00e9pi bejelent\u00e9si elj\u00e1r\u00e1s lefolytat\u00e1s\u00e1hoz k\u00f6t\u00f6tt tev\u00e9kenys\u00e9g k\u00f6zter\u00fclet-haszn\u00e1lati hozz\u00e1j\u00e1rul\u00e1shoz is k\u00f6t\u00f6tt, a k\u00f6zter\u00fclet-haszn\u00e1lati hozz\u00e1j\u00e1rul\u00e1s kiad\u00e1s\u00e1ra csak a telep\u00fcl\u00e9sk\u00e9pi bejelent\u00e9si elj\u00e1r\u00e1s lefolytat\u00e1s\u00e1t k\u00f6vet\u0151en, a megenged\u0151 hat\u00e1rozat birtok\u00e1ban \u00e9s az abban meghat\u00e1rozott kik\u00f6t\u00e9sek figyelembe v\u00e9tel\u00e9vel ker\u00fclhet sor.<\/li>\n<\/ol>\n<p style=\"text-align: center;\"><strong>37.\u00a7<\/strong><\/p>\n<ol>\n<li>A telep\u00fcl\u00e9sk\u00e9pi bejelent\u00e9si k\u00f6telezetts\u00e9g \u00e9s a bejelentett tev\u00e9kenys\u00e9g folytat\u00e1s\u00e1t a polg\u00e1rmester ellen\u0151rzi.<\/li>\n<li>Amennyiben a bejelent\u00e9s elmulaszt\u00e1s\u00e1t vagy elt\u00e9r\u0151 v\u00e9grehajt\u00e1st tapasztal, akkor a VII. fejezet szerinti k\u00f6telez\u00e9si elj\u00e1r\u00e1st lefolytatja.<\/li>\n<\/ol>\n<p style=\"text-align: center;\"><strong>VII. fejezet<\/strong><\/p>\n<p><strong>TELEP\u00dcL\u00c9SK\u00c9PI K\u00d6TELEZ\u00c9S, TELEP\u00dcL\u00c9SK\u00c9PI B\u00cdRS\u00c1G<\/strong><\/p>\n<ol start=\"26\">\n<li><strong> A telep\u00fcl\u00e9sk\u00e9pi k\u00f6telez\u00e9si elj\u00e1r\u00e1s, a telep\u00fcl\u00e9sk\u00e9pi b\u00edrs\u00e1g kiszab\u00e1s\u00e1nak esetk\u00f6rei, m\u00e9rt\u00e9ke, a kiszab\u00e1s\u00e1nak \u00e9s behajt\u00e1s\u00e1nak m\u00f3dja<\/strong><\/li>\n<\/ol>\n<p style=\"text-align: center;\"><strong>38.\u00a7<\/strong><\/p>\n<ol>\n<li>A telep\u00fcl\u00e9sk\u00e9pi k\u00f6vetelm\u00e9nyek teljes\u00edt\u00e9se \u00e9rdek\u00e9ben a polg\u00e1rmester \u2013 hivatalb\u00f3l vagy k\u00e9relemre \u2013 telep\u00fcl\u00e9sk\u00e9pi k\u00f6telez\u00e9si elj\u00e1r\u00e1st folytat le.<\/li>\n<li>A telep\u00fcl\u00e9sk\u00e9p v\u00e9delmi t\u00e1j\u00e9koztat\u00e1s \u00e9s szakmai konzult\u00e1ci\u00f3 betart\u00e1s\u00e1t a polg\u00e1rmester ellen\u0151rzi.<\/li>\n<li>A telep\u00fcl\u00e9sk\u00e9pi k\u00f6vetelm\u00e9nyekkel szembeni mulaszt\u00e1sokat, amennyiben a polg\u00e1rmester tudom\u00e1s\u00e1ra jut, kivizsg\u00e1lja, \u00e9s a k\u00f6zigazgat\u00e1si hat\u00f3s\u00e1gi elj\u00e1r\u00e1s \u00e9s szolg\u00e1ltat\u00e1s \u00e1ltal\u00e1nos szab\u00e1lyair\u00f3l sz\u00f3l\u00f3 2004. \u00e9vi CXL. t\u00f6rv\u00e9ny alapj\u00e1n j\u00e1r el.<\/li>\n<li>A telep\u00fcl\u00e9sk\u00e9pi k\u00f6vetelm\u00e9nyek be nem tart\u00e1sa eset\u00e9n a polg\u00e1rmester telep\u00fcl\u00e9sk\u00e9pi b\u00edrs\u00e1got szabhat ki az \u00e9p\u00edttet\u0151re, mely t\u00f6bbsz\u00f6r is kivethet\u0151, am\u00edg a jogszer\u0171tlen \u00e1llapot fennmarad.<\/li>\n<li>A telep\u00fcl\u00e9sk\u00e9pi b\u00edrs\u00e1got hat\u00e1rozatban kell kiszabni \u00e9s azt t\u00e9rtivev\u00e9nyes lev\u00e9l \u00fatj\u00e1n kell k\u00e9zbes\u00edteni a b\u00edrs\u00e1ggal s\u00fajtott \u00e9rintettnek.<\/li>\n<li>A telep\u00fcl\u00e9sk\u00e9pi b\u00edrs\u00e1g \u00f6sszege\n<ul>\n<li>telep\u00fcl\u00e9sk\u00e9pi szempontb\u00f3l meghat\u00e1roz\u00f3 ter\u00fcleteken ter\u00fcleti \u00e9s egyedi \u00e9p\u00edt\u00e9szeti k\u00f6vetelm\u00e9nyek be nem tart\u00e1sa eset\u00e9n, amennyiben az egyedi v\u00e9dett \u00e9p\u00edtm\u00e9nyt \u00e9rint 100. 000 &#8211; 200.000 forint,<\/li>\n<\/ul>\n<\/li>\n<\/ol>\n<ol>\n<li>\n<ul>\n<li>telep\u00fcl\u00e9sk\u00e9pi szempontb\u00f3l meghat\u00e1roz\u00f3 ter\u00fcleteken ter\u00fcleti \u00e9s egyedi \u00e9p\u00edt\u00e9szeti k\u00f6vetelm\u00e9nyek be nem tart\u00e1sa eset\u00e9n, amennyiben az egyedi v\u00e9dett \u00e9p\u00edtm\u00e9nyt nem \u00e9rint 50.000 &#8211; 100.000 forint,<\/li>\n<li>egy\u00e9b telep\u00fcl\u00e9sk\u00e9pi k\u00f6vetelm\u00e9ny \u00e9s egy\u00e9b m\u0171szaki berendez\u00e9sekre vonatkoz\u00f3 k\u00f6vetelm\u00e9ny be nem tart\u00e1sa eset\u00e9n 20.000 &#8211; 50.000 forint,<\/li>\n<li>minden m\u00e1s esetben 10.000 &#8211; 20.000 forint<\/li>\n<\/ul>\n<\/li>\n<\/ol>\n<ol>\n<li>A polg\u00e1rmester a b\u00edrs\u00e1g kiszab\u00e1sa sor\u00e1n a k\u00f6vetkez\u0151 szempontokat m\u00e9rlegeli\n<ul>\n<li>jogs\u00e9rt\u00e9s milyen m\u00e9rt\u00e9kben s\u00e9rti vagy akad\u00e1lyozza a Tktv. 11\/A.\u00a7 (1) bekezd\u00e9s\u00e9ben meghat\u00e1rozott \u00e9rt\u00e9kek meg\u0151rz\u00e9s\u00e9t vagy kialak\u00edt\u00e1s\u00e1t,<\/li>\n<li>jogs\u00e9rt\u00e9s id\u0151tartama,<\/li>\n<li>a jogs\u00e9rt\u00e9s ism\u00e9telts\u00e9ge.<\/li>\n<\/ul>\n<\/li>\n<li>A telep\u00fcl\u00e9sk\u00e9pi b\u00edrs\u00e1g befizet\u00e9s\u00e9nek m\u00f3dja:\n<ul>\n<li>a b\u00edrs\u00e1g kiszab\u00e1s\u00e1r\u00f3l sz\u00f3l\u00f3 hat\u00e1rozatban meghat\u00e1rozott hat\u00e1rid\u0151ben \u00e9s az abban megjel\u00f6lt \u00f6nkorm\u00e1nyzati banksz\u00e1mlasz\u00e1mra t\u00f6rt\u00e9n\u0151 befizet\u00e9ssel.<\/li>\n<li>az a) pontban szerepl\u0151 megfizet\u00e9si m\u00f3d elmarad\u00e1sa eset\u00e9n \u2013 az \u00e1llamh\u00e1ztart\u00e1sr\u00f3l sz\u00f3l\u00f3 2011. \u00e9vi CXCV. t\u00f6rv\u00e9ny \u00e9rtelm\u00e9ben \u2013 a meg nem fizetett b\u00edrs\u00e1g k\u00f6ztartoz\u00e1snak min\u0151s\u00fcl, \u00e9s ad\u00f3k m\u00f3dj\u00e1ra t\u00f6rt\u00e9nik a behajt\u00e1sa.<\/li>\n<\/ul>\n<\/li>\n<\/ol>\n<p style=\"text-align: center;\"><strong>VIII. fejezet<\/strong><\/p>\n<p style=\"text-align: center;\"><strong>Z\u00c1R\u00d3 RENDELKEZ\u00c9SEK<\/strong><\/p>\n<ol start=\"27\">\n<li><strong> Hat\u00e1lybal\u00e9p\u00e9s<\/strong><\/li>\n<\/ol>\n<p style=\"text-align: center;\"><strong>39.\u00a7<\/strong><\/p>\n<p>(1)A rendelet 2018. janu\u00e1r 31. napj\u00e1n 12 \u00f3ra 9 perckor l\u00e9p hat\u00e1lyba.<\/p>\n<p>(2)A rendeletet a hat\u00e1lybal\u00e9p\u00e9s\u00e9t k\u00f6vet\u0151en indult elj\u00e1r\u00e1sokban kell alkalmazni.<\/p>\n<ol start=\"28\">\n<li><strong> Hat\u00e1lyon k\u00edv\u00fcl helyez\u0151 rendelkez\u00e9sek<\/strong><\/li>\n<\/ol>\n<ol start=\"40\">\n<li style=\"text-align: center;\"><strong> \u00a7<\/strong><\/li>\n<\/ol>\n<p>Hat\u00e1ly\u00e1t veszti e rendelet hat\u00e1lybal\u00e9p\u00e9s\u00e9vel Tiborsz\u00e1ll\u00e1s k\u00f6zs\u00e9g helyi \u00e9p\u00edt\u00e9si szab\u00e1lyzat\u00e1r\u00f3l \u00e9s hozz\u00e1 tartoz\u00f3 szab\u00e1lyoz\u00e1si terv\u00e9r\u0151l sz\u00f3l\u00f3 10\/2008. (VII.08.) \u00f6nk. rendelet.<\/p>\n<ul>\n<li>V. fejezet 25 \u00a7 (2) bekezd\u00e9se.<\/li>\n<\/ul>\n<p>Tiborsz\u00e1ll\u00e1s, 2018. janu\u00e1r 31.<\/p>\n<p>kmf.<\/p>\n<p>Tulbura G\u00e1bor sk. \u00a0\u00a0\u00a0\u00a0\u00a0\u00a0\u00a0\u00a0\u00a0\u00a0\u00a0\u00a0\u00a0\u00a0\u00a0\u00a0\u00a0\u00a0\u00a0\u00a0\u00a0\u00a0\u00a0\u00a0\u00a0\u00a0\u00a0\u00a0\u00a0\u00a0\u00a0\u00a0\u00a0\u00a0\u00a0\u00a0\u00a0\u00a0\u00a0\u00a0\u00a0\u00a0\u00a0\u00a0\u00a0\u00a0\u00a0 \u00a0\u00a0\u00a0\u00a0\u00a0\u00a0\u00a0\u00a0\u00a0\u00a0\u00a0\u00a0T\u00f3thn\u00e9 dr Nagy Anita sk.<\/p>\n<p>polg\u00e1rmester\u00a0\u00a0\u00a0\u00a0\u00a0\u00a0\u00a0\u00a0\u00a0\u00a0\u00a0\u00a0\u00a0\u00a0\u00a0\u00a0\u00a0\u00a0\u00a0\u00a0\u00a0\u00a0\u00a0\u00a0\u00a0\u00a0\u00a0\u00a0\u00a0\u00a0\u00a0\u00a0\u00a0\u00a0\u00a0\u00a0\u00a0\u00a0\u00a0\u00a0\u00a0\u00a0\u00a0\u00a0\u00a0\u00a0\u00a0\u00a0\u00a0\u00a0\u00a0\u00a0\u00a0\u00a0\u00a0\u00a0\u00a0\u00a0\u00a0\u00a0\u00a0\u00a0\u00a0\u00a0\u00a0\u00a0\u00a0\u00a0\u00a0\u00a0\u00a0\u00a0\u00a0\u00a0\u00a0\u00a0\u00a0 jegyz\u0151<\/p>\n<p><a href=\"https:\/\/tiborszallas.hu\/wp-content\/uploads\/2020\/02\/1517491791_skm_224e18020115362.pdf\">1517491791_skm_224e18020115362<\/a><\/p>\n<p><a href=\"https:\/\/tiborszallas.hu\/wp-content\/uploads\/2020\/02\/1517491678_skm_224e18020115361.pdf\">1517491678_skm_224e18020115361<\/a><\/p>\n<p><a href=\"https:\/\/tiborszallas.hu\/wp-content\/uploads\/2020\/02\/1517491654_skm_224e18020115360.pdf\">1517491654_skm_224e18020115360<\/a><\/p>\n","protected":false},"excerpt":{"rendered":"<p>Tiborsz\u00e1ll\u00e1s K\u00f6zs\u00e9g \u00d6nkorm\u00e1nyzata K\u00e9pvisel\u0151-test\u00fclet\u00e9nek 3\/2018 (I.31) \u00f6nkorm\u00e1nyzati rendelete Tiborsz\u00e1ll\u00e1s k\u00f6zs\u00e9g telep\u00fcl\u00e9sk\u00e9p\u00e9nek v\u00e9delm\u00e9r\u0151l Tiborsz\u00e1ll\u00e1s K\u00f6zs\u00e9g \u00d6nkorm\u00e1nyzat\u00e1nak K\u00e9pvisel\u0151-test\u00fclete a telep\u00fcl\u00e9sk\u00e9p v\u00e9delm\u00e9r\u0151l sz\u00f3l\u00f3 2016. \u00e9vi LXXIV. t\u00f6rv\u00e9ny (tov\u00e1bbiakban: Tktv.) 12. \u00a7 (2) bekezd\u00e9s\u00e9ben kapott felhatalmaz\u00e1s alapj\u00e1n, az Alapt\u00f6rv\u00e9ny 32. cikk (1) bekezd\u00e9s a) pontj\u00e1ban \u00e9s Magyarorsz\u00e1g helyi \u00f6nkorm\u00e1nyzatokr\u00f3l sz\u00f3l\u00f3 2011 \u00e9vi CLXXXIX t\u00f6rv\u00e9ny 13. \u00a7 (1) bekezd\u00e9s 1. [&hellip;]<\/p>\n","protected":false},"author":3,"featured_media":0,"comment_status":"closed","ping_status":"closed","sticky":false,"template":"","format":"standard","meta":{"footnotes":""},"categories":[10],"tags":[],"class_list":["post-440","post","type-post","status-publish","format-standard","hentry","category-2018-ev-rendeletei"],"yoast_head":"<!-- This site is optimized with the Yoast SEO plugin v27.5 - https:\/\/yoast.com\/product\/yoast-seo-wordpress\/ -->\n<title>3\/2018 (I.31) Tiborsz\u00e1ll\u00e1s k\u00f6zs\u00e9g telep\u00fcl\u00e9sk\u00e9p\u00e9nek v\u00e9delm\u00e9r\u0151l - \u00dcdv\u00f6z\u00f6lj\u00fck Tiborsz\u00e1ll\u00e1s K\u00f6zs\u00e9g honlapj\u00e1n<\/title>\n<meta name=\"robots\" content=\"index, follow, max-snippet:-1, max-image-preview:large, max-video-preview:-1\" \/>\n<link rel=\"canonical\" href=\"https:\/\/tiborszallas.hu\/en\/3-2018-i-31-tiborszallas-kozseg-telepuleskepenek-vedelmerol\/\" \/>\n<meta property=\"og:locale\" content=\"en_US\" \/>\n<meta property=\"og:type\" content=\"article\" \/>\n<meta property=\"og:title\" content=\"3\/2018 (I.31) Tiborsz\u00e1ll\u00e1s k\u00f6zs\u00e9g telep\u00fcl\u00e9sk\u00e9p\u00e9nek v\u00e9delm\u00e9r\u0151l - \u00dcdv\u00f6z\u00f6lj\u00fck Tiborsz\u00e1ll\u00e1s K\u00f6zs\u00e9g honlapj\u00e1n\" \/>\n<meta property=\"og:description\" content=\"Tiborsz\u00e1ll\u00e1s K\u00f6zs\u00e9g \u00d6nkorm\u00e1nyzata K\u00e9pvisel\u0151-test\u00fclet\u00e9nek 3\/2018 (I.31) \u00f6nkorm\u00e1nyzati rendelete Tiborsz\u00e1ll\u00e1s k\u00f6zs\u00e9g telep\u00fcl\u00e9sk\u00e9p\u00e9nek v\u00e9delm\u00e9r\u0151l Tiborsz\u00e1ll\u00e1s K\u00f6zs\u00e9g \u00d6nkorm\u00e1nyzat\u00e1nak K\u00e9pvisel\u0151-test\u00fclete a telep\u00fcl\u00e9sk\u00e9p v\u00e9delm\u00e9r\u0151l sz\u00f3l\u00f3 2016. \u00e9vi LXXIV. t\u00f6rv\u00e9ny (tov\u00e1bbiakban: Tktv.) 12. \u00a7 (2) bekezd\u00e9s\u00e9ben kapott felhatalmaz\u00e1s alapj\u00e1n, az Alapt\u00f6rv\u00e9ny 32. cikk (1) bekezd\u00e9s a) pontj\u00e1ban \u00e9s Magyarorsz\u00e1g helyi \u00f6nkorm\u00e1nyzatokr\u00f3l sz\u00f3l\u00f3 2011 \u00e9vi CLXXXIX t\u00f6rv\u00e9ny 13. \u00a7 (1) bekezd\u00e9s 1. [&hellip;]\" \/>\n<meta property=\"og:url\" content=\"https:\/\/tiborszallas.hu\/en\/3-2018-i-31-tiborszallas-kozseg-telepuleskepenek-vedelmerol\/\" \/>\n<meta property=\"og:site_name\" content=\"\u00dcdv\u00f6z\u00f6lj\u00fck Tiborsz\u00e1ll\u00e1s K\u00f6zs\u00e9g honlapj\u00e1n\" \/>\n<meta property=\"article:published_time\" content=\"2020-02-20T09:48:27+00:00\" \/>\n<meta name=\"author\" content=\"Developer\" \/>\n<meta name=\"twitter:card\" content=\"summary_large_image\" \/>\n<meta name=\"twitter:label1\" content=\"Written by\" \/>\n\t<meta name=\"twitter:data1\" content=\"Developer\" \/>\n\t<meta name=\"twitter:label2\" content=\"Est. reading time\" \/>\n\t<meta name=\"twitter:data2\" content=\"40 minutes\" \/>\n<script type=\"application\/ld+json\" class=\"yoast-schema-graph\">{\"@context\":\"https:\\\/\\\/schema.org\",\"@graph\":[{\"@type\":\"Article\",\"@id\":\"https:\\\/\\\/tiborszallas.hu\\\/3-2018-i-31-tiborszallas-kozseg-telepuleskepenek-vedelmerol\\\/#article\",\"isPartOf\":{\"@id\":\"https:\\\/\\\/tiborszallas.hu\\\/3-2018-i-31-tiborszallas-kozseg-telepuleskepenek-vedelmerol\\\/\"},\"author\":{\"name\":\"Developer\",\"@id\":\"https:\\\/\\\/tiborszallas.hu\\\/#\\\/schema\\\/person\\\/b3edf641fadc920d3e7e848a47006fde\"},\"headline\":\"3\\\/2018 (I.31) Tiborsz\u00e1ll\u00e1s k\u00f6zs\u00e9g telep\u00fcl\u00e9sk\u00e9p\u00e9nek v\u00e9delm\u00e9r\u0151l\",\"datePublished\":\"2020-02-20T09:48:27+00:00\",\"mainEntityOfPage\":{\"@id\":\"https:\\\/\\\/tiborszallas.hu\\\/3-2018-i-31-tiborszallas-kozseg-telepuleskepenek-vedelmerol\\\/\"},\"wordCount\":7988,\"publisher\":{\"@id\":\"https:\\\/\\\/tiborszallas.hu\\\/#organization\"},\"articleSection\":[\"2018 \u00e9v rendeletei\"],\"inLanguage\":\"en-US\"},{\"@type\":\"WebPage\",\"@id\":\"https:\\\/\\\/tiborszallas.hu\\\/3-2018-i-31-tiborszallas-kozseg-telepuleskepenek-vedelmerol\\\/\",\"url\":\"https:\\\/\\\/tiborszallas.hu\\\/3-2018-i-31-tiborszallas-kozseg-telepuleskepenek-vedelmerol\\\/\",\"name\":\"3\\\/2018 (I.31) Tiborsz\u00e1ll\u00e1s k\u00f6zs\u00e9g telep\u00fcl\u00e9sk\u00e9p\u00e9nek v\u00e9delm\u00e9r\u0151l - \u00dcdv\u00f6z\u00f6lj\u00fck Tiborsz\u00e1ll\u00e1s K\u00f6zs\u00e9g honlapj\u00e1n\",\"isPartOf\":{\"@id\":\"https:\\\/\\\/tiborszallas.hu\\\/#website\"},\"datePublished\":\"2020-02-20T09:48:27+00:00\",\"breadcrumb\":{\"@id\":\"https:\\\/\\\/tiborszallas.hu\\\/3-2018-i-31-tiborszallas-kozseg-telepuleskepenek-vedelmerol\\\/#breadcrumb\"},\"inLanguage\":\"en-US\",\"potentialAction\":[{\"@type\":\"ReadAction\",\"target\":[\"https:\\\/\\\/tiborszallas.hu\\\/3-2018-i-31-tiborszallas-kozseg-telepuleskepenek-vedelmerol\\\/\"]}]},{\"@type\":\"BreadcrumbList\",\"@id\":\"https:\\\/\\\/tiborszallas.hu\\\/3-2018-i-31-tiborszallas-kozseg-telepuleskepenek-vedelmerol\\\/#breadcrumb\",\"itemListElement\":[{\"@type\":\"ListItem\",\"position\":1,\"name\":\"Kezd\u0151lap\",\"item\":\"https:\\\/\\\/tiborszallas.hu\\\/\"},{\"@type\":\"ListItem\",\"position\":2,\"name\":\"3\\\/2018 (I.31) Tiborsz\u00e1ll\u00e1s k\u00f6zs\u00e9g telep\u00fcl\u00e9sk\u00e9p\u00e9nek v\u00e9delm\u00e9r\u0151l\"}]},{\"@type\":\"WebSite\",\"@id\":\"https:\\\/\\\/tiborszallas.hu\\\/#website\",\"url\":\"https:\\\/\\\/tiborszallas.hu\\\/\",\"name\":\"\u00dcdv\u00f6z\u00f6lj\u00fck Tiborsz\u00e1ll\u00e1s K\u00f6zs\u00e9g honlapj\u00e1n\",\"description\":\"Tiborsz\u00e1ll\u00e1s K\u00f6zs\u00e9g honlapja\",\"publisher\":{\"@id\":\"https:\\\/\\\/tiborszallas.hu\\\/#organization\"},\"potentialAction\":[{\"@type\":\"SearchAction\",\"target\":{\"@type\":\"EntryPoint\",\"urlTemplate\":\"https:\\\/\\\/tiborszallas.hu\\\/?s={search_term_string}\"},\"query-input\":{\"@type\":\"PropertyValueSpecification\",\"valueRequired\":true,\"valueName\":\"search_term_string\"}}],\"inLanguage\":\"en-US\"},{\"@type\":\"Organization\",\"@id\":\"https:\\\/\\\/tiborszallas.hu\\\/#organization\",\"name\":\"Tiborsz\u00e1ll\u00e1s K\u00f6zs\u00e9g\",\"url\":\"https:\\\/\\\/tiborszallas.hu\\\/\",\"logo\":{\"@type\":\"ImageObject\",\"inLanguage\":\"en-US\",\"@id\":\"https:\\\/\\\/tiborszallas.hu\\\/#\\\/schema\\\/logo\\\/image\\\/\",\"url\":\"https:\\\/\\\/tiborszallas.hu\\\/wp-content\\\/uploads\\\/2020\\\/02\\\/cropped-c\u00edmer2.png\",\"contentUrl\":\"https:\\\/\\\/tiborszallas.hu\\\/wp-content\\\/uploads\\\/2020\\\/02\\\/cropped-c\u00edmer2.png\",\"width\":240,\"height\":166,\"caption\":\"Tiborsz\u00e1ll\u00e1s K\u00f6zs\u00e9g\"},\"image\":{\"@id\":\"https:\\\/\\\/tiborszallas.hu\\\/#\\\/schema\\\/logo\\\/image\\\/\"}},{\"@type\":\"Person\",\"@id\":\"https:\\\/\\\/tiborszallas.hu\\\/#\\\/schema\\\/person\\\/b3edf641fadc920d3e7e848a47006fde\",\"name\":\"Developer\",\"image\":{\"@type\":\"ImageObject\",\"inLanguage\":\"en-US\",\"@id\":\"https:\\\/\\\/secure.gravatar.com\\\/avatar\\\/f52c5d589a49202489c55c4a3ae658c78b3a5b2f137da646024507632a2aaa51?s=96&d=mm&r=g\",\"url\":\"https:\\\/\\\/secure.gravatar.com\\\/avatar\\\/f52c5d589a49202489c55c4a3ae658c78b3a5b2f137da646024507632a2aaa51?s=96&d=mm&r=g\",\"contentUrl\":\"https:\\\/\\\/secure.gravatar.com\\\/avatar\\\/f52c5d589a49202489c55c4a3ae658c78b3a5b2f137da646024507632a2aaa51?s=96&d=mm&r=g\",\"caption\":\"Developer\"},\"sameAs\":[\"https:\\\/\\\/tech-it.hu\"],\"url\":\"https:\\\/\\\/tiborszallas.hu\\\/en\\\/author\\\/webdev_csaba\\\/\"}]}<\/script>\n<!-- \/ Yoast SEO plugin. -->","yoast_head_json":{"title":"3\/2018 (I.31) Tiborsz\u00e1ll\u00e1s k\u00f6zs\u00e9g telep\u00fcl\u00e9sk\u00e9p\u00e9nek v\u00e9delm\u00e9r\u0151l - \u00dcdv\u00f6z\u00f6lj\u00fck Tiborsz\u00e1ll\u00e1s K\u00f6zs\u00e9g honlapj\u00e1n","robots":{"index":"index","follow":"follow","max-snippet":"max-snippet:-1","max-image-preview":"max-image-preview:large","max-video-preview":"max-video-preview:-1"},"canonical":"https:\/\/tiborszallas.hu\/en\/3-2018-i-31-tiborszallas-kozseg-telepuleskepenek-vedelmerol\/","og_locale":"en_US","og_type":"article","og_title":"3\/2018 (I.31) Tiborsz\u00e1ll\u00e1s k\u00f6zs\u00e9g telep\u00fcl\u00e9sk\u00e9p\u00e9nek v\u00e9delm\u00e9r\u0151l - \u00dcdv\u00f6z\u00f6lj\u00fck Tiborsz\u00e1ll\u00e1s K\u00f6zs\u00e9g honlapj\u00e1n","og_description":"Tiborsz\u00e1ll\u00e1s K\u00f6zs\u00e9g \u00d6nkorm\u00e1nyzata K\u00e9pvisel\u0151-test\u00fclet\u00e9nek 3\/2018 (I.31) \u00f6nkorm\u00e1nyzati rendelete Tiborsz\u00e1ll\u00e1s k\u00f6zs\u00e9g telep\u00fcl\u00e9sk\u00e9p\u00e9nek v\u00e9delm\u00e9r\u0151l Tiborsz\u00e1ll\u00e1s K\u00f6zs\u00e9g \u00d6nkorm\u00e1nyzat\u00e1nak K\u00e9pvisel\u0151-test\u00fclete a telep\u00fcl\u00e9sk\u00e9p v\u00e9delm\u00e9r\u0151l sz\u00f3l\u00f3 2016. \u00e9vi LXXIV. t\u00f6rv\u00e9ny (tov\u00e1bbiakban: Tktv.) 12. \u00a7 (2) bekezd\u00e9s\u00e9ben kapott felhatalmaz\u00e1s alapj\u00e1n, az Alapt\u00f6rv\u00e9ny 32. cikk (1) bekezd\u00e9s a) pontj\u00e1ban \u00e9s Magyarorsz\u00e1g helyi \u00f6nkorm\u00e1nyzatokr\u00f3l sz\u00f3l\u00f3 2011 \u00e9vi CLXXXIX t\u00f6rv\u00e9ny 13. \u00a7 (1) bekezd\u00e9s 1. [&hellip;]","og_url":"https:\/\/tiborszallas.hu\/en\/3-2018-i-31-tiborszallas-kozseg-telepuleskepenek-vedelmerol\/","og_site_name":"\u00dcdv\u00f6z\u00f6lj\u00fck Tiborsz\u00e1ll\u00e1s K\u00f6zs\u00e9g honlapj\u00e1n","article_published_time":"2020-02-20T09:48:27+00:00","author":"Developer","twitter_card":"summary_large_image","twitter_misc":{"Written by":"Developer","Est. reading time":"40 minutes"},"schema":{"@context":"https:\/\/schema.org","@graph":[{"@type":"Article","@id":"https:\/\/tiborszallas.hu\/3-2018-i-31-tiborszallas-kozseg-telepuleskepenek-vedelmerol\/#article","isPartOf":{"@id":"https:\/\/tiborszallas.hu\/3-2018-i-31-tiborszallas-kozseg-telepuleskepenek-vedelmerol\/"},"author":{"name":"Developer","@id":"https:\/\/tiborszallas.hu\/#\/schema\/person\/b3edf641fadc920d3e7e848a47006fde"},"headline":"3\/2018 (I.31) Tiborsz\u00e1ll\u00e1s k\u00f6zs\u00e9g telep\u00fcl\u00e9sk\u00e9p\u00e9nek v\u00e9delm\u00e9r\u0151l","datePublished":"2020-02-20T09:48:27+00:00","mainEntityOfPage":{"@id":"https:\/\/tiborszallas.hu\/3-2018-i-31-tiborszallas-kozseg-telepuleskepenek-vedelmerol\/"},"wordCount":7988,"publisher":{"@id":"https:\/\/tiborszallas.hu\/#organization"},"articleSection":["2018 \u00e9v rendeletei"],"inLanguage":"en-US"},{"@type":"WebPage","@id":"https:\/\/tiborszallas.hu\/3-2018-i-31-tiborszallas-kozseg-telepuleskepenek-vedelmerol\/","url":"https:\/\/tiborszallas.hu\/3-2018-i-31-tiborszallas-kozseg-telepuleskepenek-vedelmerol\/","name":"3\/2018 (I.31) Tiborsz\u00e1ll\u00e1s k\u00f6zs\u00e9g telep\u00fcl\u00e9sk\u00e9p\u00e9nek v\u00e9delm\u00e9r\u0151l - \u00dcdv\u00f6z\u00f6lj\u00fck Tiborsz\u00e1ll\u00e1s K\u00f6zs\u00e9g honlapj\u00e1n","isPartOf":{"@id":"https:\/\/tiborszallas.hu\/#website"},"datePublished":"2020-02-20T09:48:27+00:00","breadcrumb":{"@id":"https:\/\/tiborszallas.hu\/3-2018-i-31-tiborszallas-kozseg-telepuleskepenek-vedelmerol\/#breadcrumb"},"inLanguage":"en-US","potentialAction":[{"@type":"ReadAction","target":["https:\/\/tiborszallas.hu\/3-2018-i-31-tiborszallas-kozseg-telepuleskepenek-vedelmerol\/"]}]},{"@type":"BreadcrumbList","@id":"https:\/\/tiborszallas.hu\/3-2018-i-31-tiborszallas-kozseg-telepuleskepenek-vedelmerol\/#breadcrumb","itemListElement":[{"@type":"ListItem","position":1,"name":"Kezd\u0151lap","item":"https:\/\/tiborszallas.hu\/"},{"@type":"ListItem","position":2,"name":"3\/2018 (I.31) Tiborsz\u00e1ll\u00e1s k\u00f6zs\u00e9g telep\u00fcl\u00e9sk\u00e9p\u00e9nek v\u00e9delm\u00e9r\u0151l"}]},{"@type":"WebSite","@id":"https:\/\/tiborszallas.hu\/#website","url":"https:\/\/tiborszallas.hu\/","name":"Welcome to Tiborsz\u00e1ll\u00e1s Municipality website","description":"Tiborsz\u00e1ll\u00e1s Village website","publisher":{"@id":"https:\/\/tiborszallas.hu\/#organization"},"potentialAction":[{"@type":"SearchAction","target":{"@type":"EntryPoint","urlTemplate":"https:\/\/tiborszallas.hu\/?s={search_term_string}"},"query-input":{"@type":"PropertyValueSpecification","valueRequired":true,"valueName":"search_term_string"}}],"inLanguage":"en-US"},{"@type":"Organization","@id":"https:\/\/tiborszallas.hu\/#organization","name":"Tiborsz\u00e1ll\u00e1s Municipality","url":"https:\/\/tiborszallas.hu\/","logo":{"@type":"ImageObject","inLanguage":"en-US","@id":"https:\/\/tiborszallas.hu\/#\/schema\/logo\/image\/","url":"https:\/\/tiborszallas.hu\/wp-content\/uploads\/2020\/02\/cropped-c\u00edmer2.png","contentUrl":"https:\/\/tiborszallas.hu\/wp-content\/uploads\/2020\/02\/cropped-c\u00edmer2.png","width":240,"height":166,"caption":"Tiborsz\u00e1ll\u00e1s K\u00f6zs\u00e9g"},"image":{"@id":"https:\/\/tiborszallas.hu\/#\/schema\/logo\/image\/"}},{"@type":"Person","@id":"https:\/\/tiborszallas.hu\/#\/schema\/person\/b3edf641fadc920d3e7e848a47006fde","name":"Developer","image":{"@type":"ImageObject","inLanguage":"en-US","@id":"https:\/\/secure.gravatar.com\/avatar\/f52c5d589a49202489c55c4a3ae658c78b3a5b2f137da646024507632a2aaa51?s=96&d=mm&r=g","url":"https:\/\/secure.gravatar.com\/avatar\/f52c5d589a49202489c55c4a3ae658c78b3a5b2f137da646024507632a2aaa51?s=96&d=mm&r=g","contentUrl":"https:\/\/secure.gravatar.com\/avatar\/f52c5d589a49202489c55c4a3ae658c78b3a5b2f137da646024507632a2aaa51?s=96&d=mm&r=g","caption":"Developer"},"sameAs":["https:\/\/tech-it.hu"],"url":"https:\/\/tiborszallas.hu\/en\/author\/webdev_csaba\/"}]}},"_links":{"self":[{"href":"https:\/\/tiborszallas.hu\/en\/wp-json\/wp\/v2\/posts\/440","targetHints":{"allow":["GET"]}}],"collection":[{"href":"https:\/\/tiborszallas.hu\/en\/wp-json\/wp\/v2\/posts"}],"about":[{"href":"https:\/\/tiborszallas.hu\/en\/wp-json\/wp\/v2\/types\/post"}],"author":[{"embeddable":true,"href":"https:\/\/tiborszallas.hu\/en\/wp-json\/wp\/v2\/users\/3"}],"replies":[{"embeddable":true,"href":"https:\/\/tiborszallas.hu\/en\/wp-json\/wp\/v2\/comments?post=440"}],"version-history":[{"count":0,"href":"https:\/\/tiborszallas.hu\/en\/wp-json\/wp\/v2\/posts\/440\/revisions"}],"wp:attachment":[{"href":"https:\/\/tiborszallas.hu\/en\/wp-json\/wp\/v2\/media?parent=440"}],"wp:term":[{"taxonomy":"category","embeddable":true,"href":"https:\/\/tiborszallas.hu\/en\/wp-json\/wp\/v2\/categories?post=440"},{"taxonomy":"post_tag","embeddable":true,"href":"https:\/\/tiborszallas.hu\/en\/wp-json\/wp\/v2\/tags?post=440"}],"curies":[{"name":"wp","href":"https:\/\/api.w.org\/{rel}","templated":true}]}}